{"id":66208,"date":"2025-09-13T10:23:53","date_gmt":"2025-09-13T13:23:53","guid":{"rendered":"https:\/\/infovera.com.ar\/web\/?p=66208"},"modified":"2025-09-15T09:24:05","modified_gmt":"2025-09-15T12:24:05","slug":"para-pullaro-dos-ideas-expresan-la-reforma-del-25-consenso-como-metodo-y-equilibrio-como-resultado","status":"publish","type":"post","link":"https:\/\/infovera.com.ar\/web\/2025\/09\/13\/para-pullaro-dos-ideas-expresan-la-reforma-del-25-consenso-como-metodo-y-equilibrio-como-resultado\/","title":{"rendered":"Para Pullaro, \u201cdos ideas expresan la Reforma del 25: consenso como m\u00e9todo y equilibrio como resultado\u201d"},"content":{"rendered":"<p><strong>Lo afirm\u00f3 el gobernador en el acto de cierre de la Convenci\u00f3n Reformadora de la Constituci\u00f3n de Santa Fe. \u201cEs un sendero proyectado al futuro y le marca el camino tambi\u00e9n a una Argentina necesitada de di\u00e1logo y acuerdos de largo plazo\u201d, sostuvo.<\/strong><\/p>\n<p>El gobernador Maximiliano Pullaro particip\u00f3 este viernes en el acto de cierre de la Convenci\u00f3n Reformadora de la Constituci\u00f3n de la Provincia de Santa Fe, realizado en la explanada de la Legislatura. Durante la ceremonia, las principales autoridades de los poderes del Estado, y los santafesinos presentes -que colmaron la plaza- juraron fidelidad, respeto y cumplimiento a la nueva Carta Magna provincial.<\/p>\n<p>En su discurso, Pullaro afirm\u00f3 que \u201chay dos ideas que expresan la Reforma del 25: consenso como m\u00e9todo y equilibrio como resultado. Un dato sintetiza lo que fuimos capaces de hacer: el 93 % de los art\u00edculos fueron aprobados por m\u00e1s de dos tercios de los votos afirmativos. Por eso quiero agradecer a los convencionales de todos los partidos por el trabajo realizado, junto al personal y asesores. En estos dos meses aprendimos y demostramos que entendernos en la diferencia, convivir en la diversidad y respetarnos en el debate vehemente, pero no agraviante, es la mejor manera de hacer cambios profundos y estables\u201d.<\/p>\n<p>El gobernador se\u00f1al\u00f3 que \u201cesta Constituci\u00f3n del 25 viene a complementar y actualizar la de 1962, conserva su esp\u00edritu democr\u00e1tico y republicano en la organizaci\u00f3n del poder y su perspectiva social en el reconocimiento de derechos. Al mismo tiempo, instituye nuevas herramientas para dar respuestas a una realidad muy distinta a la de hace 63 a\u00f1os y estar mejor parados como Estado ante un futuro cada vez m\u00e1s incierto y cambiante\u201d.<\/p>\n<p>Pullaro remarc\u00f3 adem\u00e1s que \u201cen este texto hay menos poder para la pol\u00edtica y m\u00e1s poder para la ciudadan\u00eda: se terminan los cargos electos y los fueros injustificados, se incorpora la Ficha Limpia y se abren mecanismos de participaci\u00f3n para que la democracia no quede en suspenso entre elecciones, sino que el pueblo pueda incidir en las decisiones p\u00fablicas. Se trata del dise\u00f1o de un nuevo esquema de poder a partir del equilibrio\u201d.<\/p>\n<p>\u201cTenemos desde hoy una nueva Constituci\u00f3n, con nuevos derechos, deberes y responsabilidades que son, sobre todo, las nuestras, las de los gobernantes y las de todos los poderes del Estado, sin que nadie se desentienda. Es un sendero proyectado al futuro y le marca el camino tambi\u00e9n a una Argentina necesitada de di\u00e1logo y de acuerdos de largo plazo. Sepamos transitarlos con lealtad, honestidad, responsabilidad y el talante que hizo de Santa Fe la provincia invencible de la Naci\u00f3n Argentina\u201d, concluy\u00f3.<\/p>\n<p><strong>Momento hist\u00f3rico<\/strong><\/p>\n<p>Por su parte, el presidente provisional del Senado y de la Convenci\u00f3n Reformadora, Felipe Michlig, agradeci\u00f3 al gobernador Pullaro y al exgobernador Omar Perotti \u201cporque como hombres de Estado, que pensaron que otra provincia es posible, lograron acuerdos para avanzar en la ley que declaraba la necesidad de la Reforma de la Constituci\u00f3n despu\u00e9s de 63 a\u00f1os y 149 d\u00edas\u201d. A\u00f1adi\u00f3 que \u201ccon ese horizonte multipartidario trabajamos y logramos la Reforma m\u00e1s importante y m\u00e1s extensa de toda la historia santafesina. Si hay algo que recordar de esta Reforma es que la hicimos unidos, bajo los colores blanco, rojo y celeste de la bandera de la Provincia Invencible de Santa Fe\u201d.<\/p>\n<p><strong>Jura a la nueva Carta Magna<\/strong><\/p>\n<p>Tras el acto de jura de la Constituci\u00f3n por parte de los convencionales, que se realiz\u00f3 en el recinto de la C\u00e1mara de Diputados, Michlig fue el encargado de tomar juramento al gobernador Pullaro y, posteriormente, a la vicegobernadora Gisela Scaglia, a senadores, a la presidenta de la C\u00e1mara de Diputadas y Diputados, Clara Garc\u00eda, y a legisladores de la C\u00e1mara. Tambi\u00e9n lo hizo con el presidente de la Corte Suprema de Justicia, Roberto Falistocco, y miembros del tribunal; con la defensora general del Servicio P\u00fablico Provincial de la Defensa Penal, Estrella Moreno Robinson; la fiscal general del Ministerio P\u00fablico de la Acusaci\u00f3n, Mar\u00eda Cecilia Vranicich; el presidente del Tribunal de Cuentas, Oscar Biagioni; y el defensor del Pueblo, Ar\u00edstides Lasarte.<\/p>\n<p>Posteriormente, los 69 convencionales firmaron el ejemplar 0 de la nueva Constituci\u00f3n.<br \/>\nEl acto concluy\u00f3 con el juramento colectivo tomado por Pullaro a todas las personas presentes.<\/p>\n<p>Placa honor\u00edfica<\/p>\n<p>Durante el acto, el gobernador, el presidente de la Convenci\u00f3n y los integrantes del bloque Frente de la Esperanza -Ver\u00f3nica Colombo, Caren Fr\u00fch y Ariel Sclafani- entregaron una placa honor\u00edfica a los familiares de la convencional electa Alejandra \u201cLocomotora\u201d Oliveras, recibida por sus hijos Alejandro y Alexis.<\/p>\n","protected":false},"excerpt":{"rendered":"<p>Lo afirm\u00f3 el gobernador en el acto de cierre de la Convenci\u00f3n Reformadora de la Constituci\u00f3n de Santa Fe. \u201cEs un sendero proyectado al futuro y le marca el camino tambi\u00e9n a una Argentina necesitada de di\u00e1logo y acuerdos de largo plazo\u201d, sostuvo. El gobernador Maximiliano Pullaro particip\u00f3 este viernes en el acto de cierre [&hellip;]<\/p>\n","protected":false},"author":3,"featured_media":66209,"comment_status":"closed","ping_status":"closed","sticky":false,"template":"","format":"standard","meta":{"_joinchat":[],"footnotes":""},"categories":[76,60],"tags":[],"class_list":{"0":"post-66208","1":"post","2":"type-post","3":"status-publish","4":"format-standard","5":"has-post-thumbnail","7":"category-convencion-constituyente","8":"category-provinciales"},"_links":{"self":[{"href":"https:\/\/infovera.com.ar\/web\/wp-json\/wp\/v2\/posts\/66208","targetHints":{"allow":["GET"]}}],"collection":[{"href":"https:\/\/infovera.com.ar\/web\/wp-json\/wp\/v2\/posts"}],"about":[{"href":"https:\/\/infovera.com.ar\/web\/wp-json\/wp\/v2\/types\/post"}],"author":[{"embeddable":true,"href":"https:\/\/infovera.com.ar\/web\/wp-json\/wp\/v2\/users\/3"}],"replies":[{"embeddable":true,"href":"https:\/\/infovera.com.ar\/web\/wp-json\/wp\/v2\/comments?post=66208"}],"version-history":[{"count":0,"href":"https:\/\/infovera.com.ar\/web\/wp-json\/wp\/v2\/posts\/66208\/revisions"}],"wp:featuredmedia":[{"embeddable":true,"href":"https:\/\/infovera.com.ar\/web\/wp-json\/wp\/v2\/media\/66209"}],"wp:attachment":[{"href":"https:\/\/infovera.com.ar\/web\/wp-json\/wp\/v2\/media?parent=66208"}],"wp:term":[{"taxonomy":"category","embeddable":true,"href":"https:\/\/infovera.com.ar\/web\/wp-json\/wp\/v2\/categories?post=66208"},{"taxonomy":"post_tag","embeddable":true,"href":"https:\/\/infovera.com.ar\/web\/wp-json\/wp\/v2\/tags?post=66208"}],"curies":[{"name":"wp","href":"https:\/\/api.w.org\/{rel}","templated":true}]}}