{"id":66205,"date":"2025-09-12T18:53:56","date_gmt":"2025-09-12T21:53:56","guid":{"rendered":"https:\/\/infovera.com.ar\/web\/?p=66205"},"modified":"2025-09-13T10:47:42","modified_gmt":"2025-09-13T13:47:42","slug":"despiste-en-la-ruta-40-jurisdiccion-de-fortin-olmos","status":"publish","type":"post","link":"https:\/\/infovera.com.ar\/web\/2025\/09\/12\/despiste-en-la-ruta-40-jurisdiccion-de-fortin-olmos\/","title":{"rendered":"Despiste en la ruta 40 jurisdicci\u00f3n de Fort\u00edn Olmos"},"content":{"rendered":"<p>Fort\u00edn olmos \u2013 Unidad Regional XIX<\/p>\n<p>Accidente de tr\u00e1nsito<\/p>\n<p>En la fecha, siendo las 15:20 horas, personal policial de la Comisaria 3era de Fort\u00edn Olmos, toma conocimiento sobe accidente de tr\u00e1nsito en ruta 40 S KM 65 (10 km aproximadamente lado Este de esa localidad); arribados al lugar, por causas que se tratan de establecer, un autom\u00f3vil Ford K guiado momentos antes por una mujer mayor de edad, domiciliada en Fort\u00edn Olmos, sin intervenci\u00f3n de terceros, pierde el control del veh\u00edculo, despist\u00e1ndose hacia la cuneta al costado de la ruta; trasladada la mujer (\u00fanica ocupante del auto) en ambulancia al hospital de Garabato y posteriormente derivada al hospital de la ciudad de Reconquista .<\/p>\n<p>Interviene Fiscal en turno- UFI N\u00ba 4- Vera<\/p>\n","protected":false},"excerpt":{"rendered":"<p>Fort\u00edn olmos \u2013 Unidad Regional XIX Accidente de tr\u00e1nsito En la fecha, siendo las 15:20 horas, personal policial de la Comisaria 3era de Fort\u00edn Olmos, toma conocimiento sobe accidente de tr\u00e1nsito en ruta 40 S KM 65 (10 km aproximadamente lado Este de esa localidad); arribados al lugar, por causas que se tratan de establecer, [&hellip;]<\/p>\n","protected":false},"author":3,"featured_media":66206,"comment_status":"closed","ping_status":"closed","sticky":false,"template":"","format":"standard","meta":{"_joinchat":[],"footnotes":""},"categories":[51,30],"tags":[],"class_list":{"0":"post-66205","1":"post","2":"type-post","3":"status-publish","4":"format-standard","5":"has-post-thumbnail","7":"category-locales","8":"category-policiales"},"_links":{"self":[{"href":"https:\/\/infovera.com.ar\/web\/wp-json\/wp\/v2\/posts\/66205","targetHints":{"allow":["GET"]}}],"collection":[{"href":"https:\/\/infovera.com.ar\/web\/wp-json\/wp\/v2\/posts"}],"about":[{"href":"https:\/\/infovera.com.ar\/web\/wp-json\/wp\/v2\/types\/post"}],"author":[{"embeddable":true,"href":"https:\/\/infovera.com.ar\/web\/wp-json\/wp\/v2\/users\/3"}],"replies":[{"embeddable":true,"href":"https:\/\/infovera.com.ar\/web\/wp-json\/wp\/v2\/comments?post=66205"}],"version-history":[{"count":0,"href":"https:\/\/infovera.com.ar\/web\/wp-json\/wp\/v2\/posts\/66205\/revisions"}],"wp:featuredmedia":[{"embeddable":true,"href":"https:\/\/infovera.com.ar\/web\/wp-json\/wp\/v2\/media\/66206"}],"wp:attachment":[{"href":"https:\/\/infovera.com.ar\/web\/wp-json\/wp\/v2\/media?parent=66205"}],"wp:term":[{"taxonomy":"category","embeddable":true,"href":"https:\/\/infovera.com.ar\/web\/wp-json\/wp\/v2\/categories?post=66205"},{"taxonomy":"post_tag","embeddable":true,"href":"https:\/\/infovera.com.ar\/web\/wp-json\/wp\/v2\/tags?post=66205"}],"curies":[{"name":"wp","href":"https:\/\/api.w.org\/{rel}","templated":true}]}}