{"id":66203,"date":"2025-09-13T10:30:43","date_gmt":"2025-09-13T13:30:43","guid":{"rendered":"https:\/\/infovera.com.ar\/web\/?p=66203"},"modified":"2025-09-15T09:23:36","modified_gmt":"2025-09-15T12:23:36","slug":"barbona-mas-de-200-familias-de-vera-no-pueden-acceder-a-la-electricidad-de-manera-regular","status":"publish","type":"post","link":"https:\/\/infovera.com.ar\/web\/2025\/09\/13\/barbona-mas-de-200-familias-de-vera-no-pueden-acceder-a-la-electricidad-de-manera-regular\/","title":{"rendered":"Barbona: &#8220;M\u00e1s de 200 familias de Vera no pueden acceder al servicio el\u00e9ctrico de manera regular\u201d"},"content":{"rendered":"<p><strong>El concejal electo por Sumemos Esfuerzos, Javier Barbona, advirti\u00f3 sobre una situaci\u00f3n que calific\u00f3 de \u201cgrave e insostenible\u201d en Vera y su distrito: m\u00e1s de 200 familias no logran acceder al servicio el\u00e9ctrico de la EPE de manera regular.<\/strong><\/p>\n<p>\u201cEn nuestra primera gesti\u00f3n, entre 2019 y 2023, registramos m\u00e1s de 200 familias en la ciudad y en el distrito que quieren acceder a la conexi\u00f3n el\u00e9ctrica regular y no lo pueden hacer por distintos motivos: burocr\u00e1ticos, administrativos, de ineficiencia y de indiferencia\u201d, explic\u00f3.<\/p>\n<p>El edil record\u00f3 que ya en aquel per\u00edodo se logr\u00f3, en casos puntuales, destrabar situaciones con la intervenci\u00f3n del gerente regional de la EPE, Diego Alonso. Sin embargo, sostuvo que desde entonces no hubo avances y muchas familias contin\u00faan en la misma condici\u00f3n, recurriendo incluso a conexiones irregulares \u201cque ponen en riesgo su vida y la de terceros\u201d.<\/p>\n<p><strong>Casos emblem\u00e1ticos<\/strong><\/p>\n<p>Barbona relat\u00f3 situaciones concretas, como la de <strong>la familia de &#8220;Tochi&#8221; Montenegro en Santa Felicia,<\/strong> integrada por un matrimonio con serios problemas de salud, que pese a presentar la documentaci\u00f3n necesaria nunca obtuvo respuesta positiva.<\/p>\n<p><strong>Otro caso es el de Maximiliano Romeggio, trabajador de seguridad,<\/strong> quien junto a seis vecinos de la misma manzana lleva seis a\u00f1os reclamando sin \u00e9xito el acceso al servicio. \u201cNi siquiera la delicada situaci\u00f3n de salud de su esposa, que padece s\u00edndrome antifosfol\u00edpido y requiere internaciones frecuentes, logr\u00f3 destrabar el tr\u00e1mite\u201d, cuestion\u00f3.<\/p>\n<p><strong>Cr\u00edtica a la virtualizaci\u00f3n de tr\u00e1mites<\/strong><\/p>\n<p>El concejal tambi\u00e9n critic\u00f3 el nuevo esquema de \u201cdespapelizaci\u00f3n\u201d de la administraci\u00f3n p\u00fablica provincial. \u201cHoy todo se hace de manera virtual, pero la necesidad es real. Antes uno pod\u00eda presentar una nota en mesa de entrada y exigir un recibido. Ahora todo se diluye en correos electr\u00f3nicos que nunca tienen respuesta\u201d, se\u00f1al\u00f3.<\/p>\n<blockquote><p><span style=\"font-size: 14px; color: #ff0000;\"><strong><span class=\"opacity-80 text-sm\" data-timestamp=\"\">&#8220;<\/span><span class=\"cursor-pointer group\" title=\"Reproducir desde 4:57\"><span class=\"group-hover:bg-base-200 rounded p-0.5 -m-0.5\" data-start=\"297480\" data-end=\"300220\">Y as\u00ed te puedo ir enumerando por sectores de la ciudad<\/span><\/span><span class=\"opacity-80 text-sm\" data-timestamp=\"\"> (<\/span><span class=\"cursor-pointer group\" title=\"Reproducir desde 5:01\"><span class=\"group-hover:bg-base-200 rounded p-0.5 -m-0.5\" data-start=\"301120\" data-end=\"310060\">que est\u00e1n padeciendo hace a\u00f1os la ineficiencia, la indiferencia,<\/span><\/span> <span class=\"cursor-pointer group\" title=\"Reproducir desde 5:10\"><span class=\"group-hover:bg-base-200 rounded p-0.5 -m-0.5\" data-start=\"310300\" data-end=\"314240\">la ineficacia de los organismos del Estado y los representantes, obviamente,<\/span><\/span> <span class=\"cursor-pointer group\" title=\"Reproducir desde 5:14\"><span class=\"group-hover:bg-base-200 rounded p-0.5 -m-0.5\" data-start=\"314240\" data-end=\"319000\">que no pueden resolver el acceso a un servicio b\u00e1sico y fundamental,<\/span><\/span> <span class=\"cursor-pointer group\" title=\"Reproducir desde 5:19\"><span class=\"group-hover:bg-base-200 rounded p-0.5 -m-0.5\" data-start=\"319280\" data-end=\"325240\">por un lado, y por el otro lado, corriendo a las personas,<\/span><\/span> <span class=\"cursor-pointer group\" title=\"Reproducir desde 5:26\"><span class=\"group-hover:bg-base-200 rounded p-0.5 -m-0.5\" data-start=\"325640\" data-end=\"328740\">a una situaci\u00f3n irregular en la que las personas no quieren estar.<\/span><\/span><span class=\"opacity-80 text-sm\" data-timestamp=\"\">\u00a0<\/span><span class=\"cursor-pointer group\" title=\"Reproducir desde 5:29\"><span class=\"group-hover:bg-base-200 rounded p-0.5 -m-0.5\" data-start=\"329140\" data-end=\"332960\">Irregular y de riesgo, porque muchas veces, como cuando andamos,<\/span><\/span> <span class=\"cursor-pointer group\" title=\"Reproducir desde 5:33\"><span class=\"group-hover:bg-base-200 rounded p-0.5 -m-0.5\" data-start=\"333280\" data-end=\"336000\">pusieron en riesgo su vida y la de otros, como pas\u00f3 en la ui inundaci\u00f3n&#8221;. Javier Barbona<\/span><\/span><span class=\"opacity-80 text-sm\" data-timestamp=\"\">\u00a0<\/span><\/strong><\/span><\/p><\/blockquote>\n<p><strong>Barbona indic\u00f3 que los barrios afectados son m\u00faltiples: Santa Felicia, Santa Luc\u00eda, Cerrito, Hospital, Tri\u00e1ngulo y un sector nuevo entre Espa\u00f1a y Col\u00f3n, entre otros.<\/strong><\/p>\n<p><strong>\u201cEl Estado vulnera a los vecinos\u201d<\/strong><\/p>\n<p>Para el edil, la situaci\u00f3n demuestra una contradicci\u00f3n del propio Estado: \u201cLos mismos vecinos que tienen agua potable, video o tel\u00e9fono, no son reconocidos por la EPE. La gente quiere regularizar, pero el Estado se lo impide y los ahoga en la burocracia\u201d.<\/p>\n<p>Finalmente, asegur\u00f3 que seguir\u00e1 planteando el tema en los \u00e1mbitos correspondientes: <strong>\u201cM\u00e1s de 200 familias sin electricidad regular es un fracaso de la gesti\u00f3n p\u00fablica. Vamos a reunirnos con las autoridades que sean necesarias, porque a este problema hay que darle soluci\u00f3n\u201d.<\/strong><\/p>\n","protected":false},"excerpt":{"rendered":"<p>El concejal electo por Sumemos Esfuerzos, Javier Barbona, advirti\u00f3 sobre una situaci\u00f3n que calific\u00f3 de \u201cgrave e insostenible\u201d en Vera y su distrito: m\u00e1s de 200 familias no logran acceder al servicio el\u00e9ctrico de la EPE de manera regular. \u201cEn nuestra primera gesti\u00f3n, entre 2019 y 2023, registramos m\u00e1s de 200 familias en la ciudad [&hellip;]<\/p>\n","protected":false},"author":3,"featured_media":66212,"comment_status":"closed","ping_status":"closed","sticky":false,"template":"","format":"standard","meta":{"_joinchat":[],"footnotes":""},"categories":[53],"tags":[],"class_list":{"0":"post-66203","1":"post","2":"type-post","3":"status-publish","4":"format-standard","5":"has-post-thumbnail","7":"category-vera"},"_links":{"self":[{"href":"https:\/\/infovera.com.ar\/web\/wp-json\/wp\/v2\/posts\/66203","targetHints":{"allow":["GET"]}}],"collection":[{"href":"https:\/\/infovera.com.ar\/web\/wp-json\/wp\/v2\/posts"}],"about":[{"href":"https:\/\/infovera.com.ar\/web\/wp-json\/wp\/v2\/types\/post"}],"author":[{"embeddable":true,"href":"https:\/\/infovera.com.ar\/web\/wp-json\/wp\/v2\/users\/3"}],"replies":[{"embeddable":true,"href":"https:\/\/infovera.com.ar\/web\/wp-json\/wp\/v2\/comments?post=66203"}],"version-history":[{"count":0,"href":"https:\/\/infovera.com.ar\/web\/wp-json\/wp\/v2\/posts\/66203\/revisions"}],"wp:featuredmedia":[{"embeddable":true,"href":"https:\/\/infovera.com.ar\/web\/wp-json\/wp\/v2\/media\/66212"}],"wp:attachment":[{"href":"https:\/\/infovera.com.ar\/web\/wp-json\/wp\/v2\/media?parent=66203"}],"wp:term":[{"taxonomy":"category","embeddable":true,"href":"https:\/\/infovera.com.ar\/web\/wp-json\/wp\/v2\/categories?post=66203"},{"taxonomy":"post_tag","embeddable":true,"href":"https:\/\/infovera.com.ar\/web\/wp-json\/wp\/v2\/tags?post=66203"}],"curies":[{"name":"wp","href":"https:\/\/api.w.org\/{rel}","templated":true}]}}