{"id":66197,"date":"2025-09-12T13:52:44","date_gmt":"2025-09-12T16:52:44","guid":{"rendered":"https:\/\/infovera.com.ar\/web\/?p=66197"},"modified":"2025-09-12T13:55:17","modified_gmt":"2025-09-12T16:55:17","slug":"la-gallareta-avanza-con-obras-y-mejoras-en-distintos-barrios","status":"publish","type":"post","link":"https:\/\/infovera.com.ar\/web\/2025\/09\/12\/la-gallareta-avanza-con-obras-y-mejoras-en-distintos-barrios\/","title":{"rendered":"En La Gallareta avanzan obras y mejoras en distintos barrios y la zona rural"},"content":{"rendered":"<p><strong>El presidente comunal de La Gallareta, Fernando Nicola, destac\u00f3 las acciones que se vienen desarrollando en la localidad con el objetivo de mejorar la infraestructura y los servicios.<\/strong><\/p>\n<p>Entre los trabajos en marcha, mencion\u00f3 la colocaci\u00f3n de nuevas luminarias LED en barrio Provincia, sobre calle San Mart\u00edn, lo que permitir\u00e1 optimizar la iluminaci\u00f3n y brindar mayor seguridad.<\/p>\n<p>En el barrio San Cayetano se encuentra en su etapa final la construcci\u00f3n de cord\u00f3n cuneta, mientras que en paralelo comenzaron las tareas de limpieza en el predio de la ex f\u00e1brica, con el prop\u00f3sito de mantener en condiciones los espacios comunitarios.<\/p>\n<p>Asimismo, se ejecutan obras en la Ruta 37, en el tramo de calzada natural, consideradas de gran importancia para la conectividad de la regi\u00f3n. Tambi\u00e9n se llevaron a cabo trabajos de desag\u00fce en el ejido urbano y se contin\u00faa con el mantenimiento general en distintos espacios de la localidad.<\/p>\n<p>Nicola expres\u00f3 que se siente orgulloso por el crecimiento de La Gallareta y agradeci\u00f3 el acompa\u00f1amiento de los vecinos: \u201cSeguimos trabajando para y por nuestro pueblo. No paramos, siempre vamos para adelante. Quiero ver a La Gallareta en lo m\u00e1s alto, y juntos lo estamos haciendo\u201d.<\/p>\n","protected":false},"excerpt":{"rendered":"<p>El presidente comunal de La Gallareta, Fernando Nicola, destac\u00f3 las acciones que se vienen desarrollando en la localidad con el objetivo de mejorar la infraestructura y los servicios. Entre los trabajos en marcha, mencion\u00f3 la colocaci\u00f3n de nuevas luminarias LED en barrio Provincia, sobre calle San Mart\u00edn, lo que permitir\u00e1 optimizar la iluminaci\u00f3n y brindar [&hellip;]<\/p>\n","protected":false},"author":3,"featured_media":66198,"comment_status":"closed","ping_status":"closed","sticky":false,"template":"","format":"standard","meta":{"_joinchat":[],"footnotes":""},"categories":[51,29],"tags":[],"class_list":{"0":"post-66197","1":"post","2":"type-post","3":"status-publish","4":"format-standard","5":"has-post-thumbnail","7":"category-locales","8":"category-obras"},"_links":{"self":[{"href":"https:\/\/infovera.com.ar\/web\/wp-json\/wp\/v2\/posts\/66197","targetHints":{"allow":["GET"]}}],"collection":[{"href":"https:\/\/infovera.com.ar\/web\/wp-json\/wp\/v2\/posts"}],"about":[{"href":"https:\/\/infovera.com.ar\/web\/wp-json\/wp\/v2\/types\/post"}],"author":[{"embeddable":true,"href":"https:\/\/infovera.com.ar\/web\/wp-json\/wp\/v2\/users\/3"}],"replies":[{"embeddable":true,"href":"https:\/\/infovera.com.ar\/web\/wp-json\/wp\/v2\/comments?post=66197"}],"version-history":[{"count":0,"href":"https:\/\/infovera.com.ar\/web\/wp-json\/wp\/v2\/posts\/66197\/revisions"}],"wp:featuredmedia":[{"embeddable":true,"href":"https:\/\/infovera.com.ar\/web\/wp-json\/wp\/v2\/media\/66198"}],"wp:attachment":[{"href":"https:\/\/infovera.com.ar\/web\/wp-json\/wp\/v2\/media?parent=66197"}],"wp:term":[{"taxonomy":"category","embeddable":true,"href":"https:\/\/infovera.com.ar\/web\/wp-json\/wp\/v2\/categories?post=66197"},{"taxonomy":"post_tag","embeddable":true,"href":"https:\/\/infovera.com.ar\/web\/wp-json\/wp\/v2\/tags?post=66197"}],"curies":[{"name":"wp","href":"https:\/\/api.w.org\/{rel}","templated":true}]}}