{"id":66194,"date":"2025-09-12T13:47:24","date_gmt":"2025-09-12T16:47:24","guid":{"rendered":"https:\/\/infovera.com.ar\/web\/?p=66194"},"modified":"2025-09-12T13:47:24","modified_gmt":"2025-09-12T16:47:24","slug":"pullaro-francos-es-un-hombre-correcto-pero-no-nos-cumplio-nada","status":"publish","type":"post","link":"https:\/\/infovera.com.ar\/web\/2025\/09\/12\/pullaro-francos-es-un-hombre-correcto-pero-no-nos-cumplio-nada\/","title":{"rendered":"Pullaro: &#8220;Francos es un hombre correcto, pero no nos cumpli\u00f3 nada&#8221;"},"content":{"rendered":"<p><strong>En R\u00edo Cuarto, el santafesino junto sus pares Llaryora, Vald\u00e9s y Sadir, sentaron posici\u00f3n frente al contexto nacional. \u201cArgentina no vuelve m\u00e1s atr\u00e1s. El kirchnerismo no es la alternativa y el modelo actual se supera trabajando sobre lo que se hizo correctamente: cuidado del equilibrio fiscal y del gasto p\u00fablico\u201d, se\u00f1al\u00f3 Pullaro.<\/strong><\/p>\n<p>En el marco de la Exposici\u00f3n Rural de R\u00edo Cuarto, el gobernador de Santa Fe, Maximiliano Pullaro, particip\u00f3 este viernes de un encuentro que reuni\u00f3 al cordob\u00e9s Mart\u00edn Llaryora, al correntino Gustavo Vald\u00e9s y al juje\u00f1o Carlos Sadir, adem\u00e1s del dirigente Juan Schiaretti, candidato a diputado nacional del espacio Provincias Unidas en C\u00f3rdoba. Del frente tambi\u00e9n son parte Ignacio Torres (Chubut) y Claudio Vidal (Santa Cruz).<\/p>\n<p>Pullaro sostuvo que Provincias Unidas no se define por ideolog\u00edas, sino como un frente pol\u00edtico de gesti\u00f3n destinado a resolver los problemas de los ciudadanos desde una agenda productiva. \u201cNos unimos detr\u00e1s del campo, la industria, los puertos, los aeropuertos, el litio, el petr\u00f3leo y el gas. Todo eso lo tenemos las provincias del interior productivo y queremos que sea el motor de la Argentina que viene\u201d, afirm\u00f3.<\/p>\n<p>El gobernador remarc\u00f3 que el espacio busca consolidarse como alternativa a modelos que, seg\u00fan marc\u00f3, fracasaron en la historia reciente del pa\u00eds. \u201cArgentina no vuelve m\u00e1s atr\u00e1s. El kirchnerismo no es la alternativa y el modelo actual del presidente Javier Milei se supera trabajando sobre lo que se hizo correctamente: cuidado del equilibrio fiscal y del gasto p\u00fablico\u201d, se\u00f1al\u00f3 Pullaro.<\/p>\n<blockquote><p><strong><span style=\"font-size: 14px; color: #ff0000;\">El gobernador de Santa Fe, Maximiliano Pullaro, relativiz\u00f3 los cambios en el Gobierno y el nombramiento de Lisandro Catal\u00e1n como ministro del Interior. Seg\u00fan el mandatario provincial, ya se hab\u00eda firmado en su momento un acuerdo con el jefe de Gabinete, Guillermo Francos, que no fue cumplido, y por eso exigi\u00f3 que sea el propio Javier Milei quien se siente a la mesa de negociaci\u00f3n.<\/span><\/strong><\/p><\/blockquote>\n<p>Durante su discurso, enfatiz\u00f3 la necesidad de construir una fuerza parlamentaria s\u00f3lida, que funcione como primera minor\u00eda en el Congreso y que represente al trabajo, la producci\u00f3n y el federalismo. \u201cVamos a proponer un proyecto de gobierno que mire hacia adelante, que defienda a las provincias productivas y que ponga sensatez y sensibilidad en la Rep\u00fablica Argentina\u201d, sostuvo.<\/p>\n<p>Pullaro tambi\u00e9n destac\u00f3 la contribuci\u00f3n hist\u00f3rica del interior al desarrollo nacional y la urgencia de que ese aporte sea reconocido. \u201cNuestro objetivo es que el interior productivo pueda gobernar Argentina. Las provincias del interior siempre dieron m\u00e1s al pa\u00eds de lo que recibieron. Hoy tenemos la oportunidad de generar empleo y crecimiento econ\u00f3mico desde quienes sabemos administrar bien los recursos\u201d, subray\u00f3.<\/p>\n","protected":false},"excerpt":{"rendered":"<p>En R\u00edo Cuarto, el santafesino junto sus pares Llaryora, Vald\u00e9s y Sadir, sentaron posici\u00f3n frente al contexto nacional. \u201cArgentina no vuelve m\u00e1s atr\u00e1s. El kirchnerismo no es la alternativa y el modelo actual se supera trabajando sobre lo que se hizo correctamente: cuidado del equilibrio fiscal y del gasto p\u00fablico\u201d, se\u00f1al\u00f3 Pullaro. En el marco [&hellip;]<\/p>\n","protected":false},"author":3,"featured_media":66195,"comment_status":"closed","ping_status":"closed","sticky":false,"template":"","format":"standard","meta":{"_joinchat":[],"footnotes":""},"categories":[60],"tags":[],"class_list":{"0":"post-66194","1":"post","2":"type-post","3":"status-publish","4":"format-standard","5":"has-post-thumbnail","7":"category-provinciales"},"_links":{"self":[{"href":"https:\/\/infovera.com.ar\/web\/wp-json\/wp\/v2\/posts\/66194","targetHints":{"allow":["GET"]}}],"collection":[{"href":"https:\/\/infovera.com.ar\/web\/wp-json\/wp\/v2\/posts"}],"about":[{"href":"https:\/\/infovera.com.ar\/web\/wp-json\/wp\/v2\/types\/post"}],"author":[{"embeddable":true,"href":"https:\/\/infovera.com.ar\/web\/wp-json\/wp\/v2\/users\/3"}],"replies":[{"embeddable":true,"href":"https:\/\/infovera.com.ar\/web\/wp-json\/wp\/v2\/comments?post=66194"}],"version-history":[{"count":0,"href":"https:\/\/infovera.com.ar\/web\/wp-json\/wp\/v2\/posts\/66194\/revisions"}],"wp:featuredmedia":[{"embeddable":true,"href":"https:\/\/infovera.com.ar\/web\/wp-json\/wp\/v2\/media\/66195"}],"wp:attachment":[{"href":"https:\/\/infovera.com.ar\/web\/wp-json\/wp\/v2\/media?parent=66194"}],"wp:term":[{"taxonomy":"category","embeddable":true,"href":"https:\/\/infovera.com.ar\/web\/wp-json\/wp\/v2\/categories?post=66194"},{"taxonomy":"post_tag","embeddable":true,"href":"https:\/\/infovera.com.ar\/web\/wp-json\/wp\/v2\/tags?post=66194"}],"curies":[{"name":"wp","href":"https:\/\/api.w.org\/{rel}","templated":true}]}}