{"id":66192,"date":"2025-09-12T13:38:09","date_gmt":"2025-09-12T16:38:09","guid":{"rendered":"https:\/\/infovera.com.ar\/web\/?p=66192"},"modified":"2025-09-13T12:18:57","modified_gmt":"2025-09-13T15:18:57","slug":"con-dos-clasicos-se-juega-la-segunda-fecha-de-la-clausura-de-la-lvf","status":"publish","type":"post","link":"https:\/\/infovera.com.ar\/web\/2025\/09\/12\/con-dos-clasicos-se-juega-la-segunda-fecha-de-la-clausura-de-la-lvf\/","title":{"rendered":"Con dos cl\u00e1sicos se juega la segunda fecha de la Clausura de la LVF"},"content":{"rendered":"<p><strong>Arranca el s\u00e1bado con el choque entre Ferrocarril Santa Fe vs Hurac\u00e1n FBC; el domingo juegan Estudiantes Unidos vs Gimnasia FC.<\/strong><\/p>\n<p><strong>Zona A \u2013 2\u00aa Fecha<\/strong><br \/>\n<strong>S\u00e1bado 13\/09\/2025<\/strong><\/p>\n<p>Central San Javier vs Deportivo Uni\u00f3n<br \/>\n\u23f0 3\u00aa Div: 14:00 hs \u2013 1\u00aa Div: 15:45 hs<br \/>\nDomingo 14\/09\/2025<\/p>\n<p>Hurac\u00e1n San Javier vs Los Pumitas FC<br \/>\nDeportivo Alejandra vs Hurac\u00e1n La Criolla<br \/>\nRiver Plate vs Sportivo Alumni (postergado)<br \/>\nGiuliani FC vs FCR Belgrano (postergado)<br \/>\n\u23f0 3\u00aa Div: 13:30 hs \u2013 1\u00aa Div: 15:20 hs<\/p>\n<p>\ud83d\udc49 Los partidos postergados se jugar\u00e1n el 27 o 28 de septiembre.<\/p>\n<p><strong>\ud83d\udcc5 Zona B \u2013 2\u00aa Fecha<\/strong><br \/>\n<strong>S\u00e1bado 13\/09\/2025<\/strong><\/p>\n<p><strong>Bartolom\u00e9 Mitre vs CS Sarmiento<\/strong><br \/>\n<strong>Ferrocarril Santa Fe vs Hurac\u00e1n FBC<\/strong><br \/>\n\u23f0 3\u00aa Div: 14:00 hs \u2013 1\u00aa Div: 15:45 hs<\/p>\n<p><strong>Domingo 14\/09\/2025<\/strong><\/p>\n<p><strong>Estudiantes Unidos vs Gimnasia FC<\/strong><br \/>\nCentral Colonia vs Calchaqu\u00ed FC<br \/>\nVec. Carlos Gardel vs El Fort\u00edn<br \/>\n\u23f0 3\u00aa Div: 13:30 hs \u2013 1\u00aa Div: 15:20 hs<\/p>\n<p>\ud83d\udccc Postergado \u2013 1\u00aa Fecha<br \/>\nGimnasia FC vs Central Colonia<br \/>\n\ud83d\uddd3\ufe0f Se disputar\u00e1 el 27 o 28 de septiembre.<\/p>\n","protected":false},"excerpt":{"rendered":"<p>Arranca el s\u00e1bado con el choque entre Ferrocarril Santa Fe vs Hurac\u00e1n FBC; el domingo juegan Estudiantes Unidos vs Gimnasia FC. Zona A \u2013 2\u00aa Fecha S\u00e1bado 13\/09\/2025 Central San Javier vs Deportivo Uni\u00f3n \u23f0 3\u00aa Div: 14:00 hs \u2013 1\u00aa Div: 15:45 hs Domingo 14\/09\/2025 Hurac\u00e1n San Javier vs Los Pumitas FC Deportivo Alejandra [&hellip;]<\/p>\n","protected":false},"author":3,"featured_media":65611,"comment_status":"closed","ping_status":"closed","sticky":false,"template":"","format":"standard","meta":{"_joinchat":[],"footnotes":""},"categories":[31,35,53],"tags":[],"class_list":{"0":"post-66192","1":"post","2":"type-post","3":"status-publish","4":"format-standard","5":"has-post-thumbnail","7":"category-deportes","8":"category-futbol","9":"category-vera"},"_links":{"self":[{"href":"https:\/\/infovera.com.ar\/web\/wp-json\/wp\/v2\/posts\/66192","targetHints":{"allow":["GET"]}}],"collection":[{"href":"https:\/\/infovera.com.ar\/web\/wp-json\/wp\/v2\/posts"}],"about":[{"href":"https:\/\/infovera.com.ar\/web\/wp-json\/wp\/v2\/types\/post"}],"author":[{"embeddable":true,"href":"https:\/\/infovera.com.ar\/web\/wp-json\/wp\/v2\/users\/3"}],"replies":[{"embeddable":true,"href":"https:\/\/infovera.com.ar\/web\/wp-json\/wp\/v2\/comments?post=66192"}],"version-history":[{"count":0,"href":"https:\/\/infovera.com.ar\/web\/wp-json\/wp\/v2\/posts\/66192\/revisions"}],"wp:featuredmedia":[{"embeddable":true,"href":"https:\/\/infovera.com.ar\/web\/wp-json\/wp\/v2\/media\/65611"}],"wp:attachment":[{"href":"https:\/\/infovera.com.ar\/web\/wp-json\/wp\/v2\/media?parent=66192"}],"wp:term":[{"taxonomy":"category","embeddable":true,"href":"https:\/\/infovera.com.ar\/web\/wp-json\/wp\/v2\/categories?post=66192"},{"taxonomy":"post_tag","embeddable":true,"href":"https:\/\/infovera.com.ar\/web\/wp-json\/wp\/v2\/tags?post=66192"}],"curies":[{"name":"wp","href":"https:\/\/api.w.org\/{rel}","templated":true}]}}