{"id":66189,"date":"2025-09-12T13:31:46","date_gmt":"2025-09-12T16:31:46","guid":{"rendered":"https:\/\/infovera.com.ar\/web\/?p=66189"},"modified":"2025-09-12T13:31:46","modified_gmt":"2025-09-12T16:31:46","slug":"se-aprobo-una-nueva-escala-minima-de-referencia-en-la-paritaria-municipal","status":"publish","type":"post","link":"https:\/\/infovera.com.ar\/web\/2025\/09\/12\/se-aprobo-una-nueva-escala-minima-de-referencia-en-la-paritaria-municipal\/","title":{"rendered":"Se aprob\u00f3 una nueva escala m\u00ednima de referencia en la paritaria municipal"},"content":{"rendered":"<p><strong>En la misma se logr\u00f3 un incremento del 10 % sobre haberes estipulados a octubre 2025.<\/strong><\/p>\n<p>En fecha 11 de setiembre se reuni\u00f3 la Mesa T\u00e9cnica Paritaria en dependencias de la Secretar\u00eda Provincial de Gobierno, Municipios y Comunas. Posteriormente y en la misma fecha se celebr\u00f3 una reuni\u00f3n de la Mesa Paritaria Ley 9996 que aprob\u00f3 lo dictaminado por la precitada mesa t\u00e9cnica, ello a trav\u00e9s de la firma de una nueva acta paritaria.<\/p>\n<p>Luego de un trabajo, destinado a revisar las escalas salariales de referencia vigentes en la mesa paritaria, y con el objetivo de revalorizar la carrera escalafonaria en la administraci\u00f3n p\u00fablica, se acord\u00f3 en esta primera instancia, incrementar en un 10% en total, la escala salarial m\u00ednima de referencia vigente y sobre haberes conformados a octubre. Se aplicar\u00e1 en dos tramos (5% en Octubre y 5% en Noviembre).<\/p>\n<p>El acuerdo garantiza la plena vigencia de la Paritaria Municipal Ley 9.996, reconociendo a FESTRAM como \u00fanico titular con capacidad de negociaci\u00f3n en todo el \u00e1mbito de la Provincia de Santa Fe fijando la escala m\u00ednima de referencia para todos los trabajadores Municipales y Comunales del territorio provincial, sin perjuicio de escalas superiores y\/o acuerdos superadores que se puedan presentar en cada jurisdicci\u00f3n.<\/p>\n<p>El incremento de la escala salarial aqu\u00ed establecida, no modificar\u00e1 los valores determinados por acta paritaria de fecha 28\/08\/2025 en relaci\u00f3n al M\u00ednimo Garantizado de Bolsillo, como as\u00ed tampoco implicar\u00e1 que los mismos sean absorbidos o deducidos de los excedentes resultantes de acuerdos paritarios anteriores.<\/p>\n<p>Se acuerda y establece adem\u00e1s, que los incrementos de las escalas salariales determinados en esta mesa t\u00e9cnica permanente, en los mismos t\u00e9rminos y condiciones se aplicar\u00e1n a los Jubilados y Pensionados Municipales.<\/p>\n<p>Prensa FESTRAM<\/p>\n","protected":false},"excerpt":{"rendered":"<p>En la misma se logr\u00f3 un incremento del 10 % sobre haberes estipulados a octubre 2025. En fecha 11 de setiembre se reuni\u00f3 la Mesa T\u00e9cnica Paritaria en dependencias de la Secretar\u00eda Provincial de Gobierno, Municipios y Comunas. Posteriormente y en la misma fecha se celebr\u00f3 una reuni\u00f3n de la Mesa Paritaria Ley 9996 que [&hellip;]<\/p>\n","protected":false},"author":3,"featured_media":66190,"comment_status":"closed","ping_status":"closed","sticky":false,"template":"","format":"standard","meta":{"_joinchat":[],"footnotes":""},"categories":[27,60],"tags":[],"class_list":{"0":"post-66189","1":"post","2":"type-post","3":"status-publish","4":"format-standard","5":"has-post-thumbnail","7":"category-gremiales","8":"category-provinciales"},"_links":{"self":[{"href":"https:\/\/infovera.com.ar\/web\/wp-json\/wp\/v2\/posts\/66189","targetHints":{"allow":["GET"]}}],"collection":[{"href":"https:\/\/infovera.com.ar\/web\/wp-json\/wp\/v2\/posts"}],"about":[{"href":"https:\/\/infovera.com.ar\/web\/wp-json\/wp\/v2\/types\/post"}],"author":[{"embeddable":true,"href":"https:\/\/infovera.com.ar\/web\/wp-json\/wp\/v2\/users\/3"}],"replies":[{"embeddable":true,"href":"https:\/\/infovera.com.ar\/web\/wp-json\/wp\/v2\/comments?post=66189"}],"version-history":[{"count":0,"href":"https:\/\/infovera.com.ar\/web\/wp-json\/wp\/v2\/posts\/66189\/revisions"}],"wp:featuredmedia":[{"embeddable":true,"href":"https:\/\/infovera.com.ar\/web\/wp-json\/wp\/v2\/media\/66190"}],"wp:attachment":[{"href":"https:\/\/infovera.com.ar\/web\/wp-json\/wp\/v2\/media?parent=66189"}],"wp:term":[{"taxonomy":"category","embeddable":true,"href":"https:\/\/infovera.com.ar\/web\/wp-json\/wp\/v2\/categories?post=66189"},{"taxonomy":"post_tag","embeddable":true,"href":"https:\/\/infovera.com.ar\/web\/wp-json\/wp\/v2\/tags?post=66189"}],"curies":[{"name":"wp","href":"https:\/\/api.w.org\/{rel}","templated":true}]}}