{"id":66180,"date":"2025-09-12T10:04:41","date_gmt":"2025-09-12T13:04:41","guid":{"rendered":"https:\/\/infovera.com.ar\/web\/?p=66180"},"modified":"2025-09-13T10:48:58","modified_gmt":"2025-09-13T13:48:58","slug":"estado-de-asamblea-en-la-comuna-de-los-amores-por-el-pase-a-planta-de-contratados","status":"publish","type":"post","link":"https:\/\/infovera.com.ar\/web\/2025\/09\/12\/estado-de-asamblea-en-la-comuna-de-los-amores-por-el-pase-a-planta-de-contratados\/","title":{"rendered":"Estado de asamblea en la Comuna de Los Amores por el pase a planta de contratados"},"content":{"rendered":"<p><strong>El Sitram Vera junto a afiliados de la comuna norte\u00f1a lleva a adelante una medida de protesta y visibilizaci\u00f3n<\/strong> de la situaci\u00f3n suscitada a ra\u00edz de la negativa del presidente comunal Omar Walker a pasar a planta permanente a 6 contratados a los que hab\u00eda prometido el reconocimiento laboral durante la campa\u00f1a electoral donde logr\u00f3 la reelecci\u00f3n.<\/p>\n<p>&#8220;Ac\u00e1 los amores hay empleados hasta de 34 a\u00f1os de antig\u00fcedad sin ning\u00fan reconocimiento, est\u00e1n en negro hace 34 a\u00f1os&#8221;, expuso el titular del sindicato Fernando Quieu a <strong>InfoVera.<\/strong><\/p>\n<p>A pesar de haber sido notificado por nota, el titular se ausent\u00f3 de la sede comunal.<\/p>\n<p>&#8220;Ac\u00e1 los amores hay empleados hasta de 34 a\u00f1os de antig\u00fcedad sin ning\u00fan reconocimiento, est\u00e1n en negro hace 34 a\u00f1os&#8221;, expuso el titular del sindicato Fernando Quieu a<strong> InfoVera<\/strong>.<\/p>\n<p>A pesar de haber sido notificado por nota, el titular se ausent\u00f3 de la sede comunal.<\/p>\n","protected":false},"excerpt":{"rendered":"<p>El Sitram Vera junto a afiliados de la comuna norte\u00f1a lleva a adelante una medida de protesta y visibilizaci\u00f3n de la situaci\u00f3n suscitada a ra\u00edz de la negativa del presidente comunal Omar Walker a pasar a planta permanente a 6 contratados a los que hab\u00eda prometido el reconocimiento laboral durante la campa\u00f1a electoral donde logr\u00f3 [&hellip;]<\/p>\n","protected":false},"author":3,"featured_media":66181,"comment_status":"closed","ping_status":"closed","sticky":false,"template":"","format":"standard","meta":{"_joinchat":[],"footnotes":""},"categories":[27,51],"tags":[],"class_list":{"0":"post-66180","1":"post","2":"type-post","3":"status-publish","4":"format-standard","5":"has-post-thumbnail","7":"category-gremiales","8":"category-locales"},"_links":{"self":[{"href":"https:\/\/infovera.com.ar\/web\/wp-json\/wp\/v2\/posts\/66180","targetHints":{"allow":["GET"]}}],"collection":[{"href":"https:\/\/infovera.com.ar\/web\/wp-json\/wp\/v2\/posts"}],"about":[{"href":"https:\/\/infovera.com.ar\/web\/wp-json\/wp\/v2\/types\/post"}],"author":[{"embeddable":true,"href":"https:\/\/infovera.com.ar\/web\/wp-json\/wp\/v2\/users\/3"}],"replies":[{"embeddable":true,"href":"https:\/\/infovera.com.ar\/web\/wp-json\/wp\/v2\/comments?post=66180"}],"version-history":[{"count":0,"href":"https:\/\/infovera.com.ar\/web\/wp-json\/wp\/v2\/posts\/66180\/revisions"}],"wp:featuredmedia":[{"embeddable":true,"href":"https:\/\/infovera.com.ar\/web\/wp-json\/wp\/v2\/media\/66181"}],"wp:attachment":[{"href":"https:\/\/infovera.com.ar\/web\/wp-json\/wp\/v2\/media?parent=66180"}],"wp:term":[{"taxonomy":"category","embeddable":true,"href":"https:\/\/infovera.com.ar\/web\/wp-json\/wp\/v2\/categories?post=66180"},{"taxonomy":"post_tag","embeddable":true,"href":"https:\/\/infovera.com.ar\/web\/wp-json\/wp\/v2\/tags?post=66180"}],"curies":[{"name":"wp","href":"https:\/\/api.w.org\/{rel}","templated":true}]}}