{"id":66165,"date":"2025-09-11T13:29:53","date_gmt":"2025-09-11T16:29:53","guid":{"rendered":"https:\/\/infovera.com.ar\/web\/?p=66165"},"modified":"2025-09-12T10:06:36","modified_gmt":"2025-09-12T13:06:36","slug":"asi-quedo-redactada-la-nueva-constitucion-que-se-jura-el-viernes","status":"publish","type":"post","link":"https:\/\/infovera.com.ar\/web\/2025\/09\/11\/asi-quedo-redactada-la-nueva-constitucion-que-se-jura-el-viernes\/","title":{"rendered":"As\u00ed qued\u00f3 redactada la nueva Constituci\u00f3n que se jura el viernes"},"content":{"rendered":"<p><strong>El viernes 12 de septiembre quedar\u00e1 grabado en la historia de la provincia: a partir de las 17 se desarrollar\u00e1 el acto de jura de la nueva Constituci\u00f3n de Santa Fe.<\/strong><\/p>\n<p>La ceremonia tendr\u00e1 lugar en la Legislatura provincial y contar\u00e1 con la presencia de las m\u00e1ximas autoridades de los tres poderes del Estado, los convencionales constituyentes e invitados especiales.<\/p>\n<p><strong>TEXTO FINAL DE LA NUEVA CONSTITUCI\u00d3N DE SANTA FE:\u00a0<\/strong><\/p>\n<p><a href=\"https:\/\/infovera.com.ar\/web\/wp-content\/uploads\/2025\/09\/Copia-de-BOLETIN-OFICIAL-JUEVES-11-DE-SEPTIEMBRE-DE-2025_constitucion_Maquetacion-1.pdf\">Copia de BOLETIN OFICIAL JUEVES 11 DE SEPTIEMBRE DE 2025_constitucion_Maquetacio\u0301n 1<\/a><\/p>\n<p>El acto de jura representa el cierre institucional de la Convenci\u00f3n, que sesion\u00f3 en comisiones y plenarios para debatir y aprobar el nuevo texto constitucional.<\/p>\n<p>La jornada marcar\u00e1 un hito hist\u00f3rico para la provincia, que renovar\u00e1 su Carta Magna despu\u00e9s de m\u00e1s de seis d\u00e9cadas de vigencia de la Constituci\u00f3n de 1962. Tras la jura, la nueva Constituci\u00f3n quedar\u00e1 formalmente promulgada y entrar\u00e1 en vigencia, consolidando reformas vinculadas con la organizaci\u00f3n del Estado, el r\u00e9gimen municipal, la ampliaci\u00f3n de derechos y la modernizaci\u00f3n institucional.<\/p>\n<p>Con este acto solemne, Santa Fe pondr\u00e1 en marcha un nuevo marco normativo que orientar\u00e1 el funcionamiento de sus poderes p\u00fablicos y la vida democr\u00e1tica de la provincia, posicion\u00e1ndola entre las constituciones m\u00e1s modernas del pa\u00eds.<\/p>\n","protected":false},"excerpt":{"rendered":"<p>El viernes 12 de septiembre quedar\u00e1 grabado en la historia de la provincia: a partir de las 17 se desarrollar\u00e1 el acto de jura de la nueva Constituci\u00f3n de Santa Fe. La ceremonia tendr\u00e1 lugar en la Legislatura provincial y contar\u00e1 con la presencia de las m\u00e1ximas autoridades de los tres poderes del Estado, los [&hellip;]<\/p>\n","protected":false},"author":3,"featured_media":66167,"comment_status":"closed","ping_status":"closed","sticky":false,"template":"","format":"standard","meta":{"_joinchat":[],"footnotes":""},"categories":[76,60],"tags":[],"class_list":{"0":"post-66165","1":"post","2":"type-post","3":"status-publish","4":"format-standard","5":"has-post-thumbnail","7":"category-convencion-constituyente","8":"category-provinciales"},"_links":{"self":[{"href":"https:\/\/infovera.com.ar\/web\/wp-json\/wp\/v2\/posts\/66165","targetHints":{"allow":["GET"]}}],"collection":[{"href":"https:\/\/infovera.com.ar\/web\/wp-json\/wp\/v2\/posts"}],"about":[{"href":"https:\/\/infovera.com.ar\/web\/wp-json\/wp\/v2\/types\/post"}],"author":[{"embeddable":true,"href":"https:\/\/infovera.com.ar\/web\/wp-json\/wp\/v2\/users\/3"}],"replies":[{"embeddable":true,"href":"https:\/\/infovera.com.ar\/web\/wp-json\/wp\/v2\/comments?post=66165"}],"version-history":[{"count":0,"href":"https:\/\/infovera.com.ar\/web\/wp-json\/wp\/v2\/posts\/66165\/revisions"}],"wp:featuredmedia":[{"embeddable":true,"href":"https:\/\/infovera.com.ar\/web\/wp-json\/wp\/v2\/media\/66167"}],"wp:attachment":[{"href":"https:\/\/infovera.com.ar\/web\/wp-json\/wp\/v2\/media?parent=66165"}],"wp:term":[{"taxonomy":"category","embeddable":true,"href":"https:\/\/infovera.com.ar\/web\/wp-json\/wp\/v2\/categories?post=66165"},{"taxonomy":"post_tag","embeddable":true,"href":"https:\/\/infovera.com.ar\/web\/wp-json\/wp\/v2\/tags?post=66165"}],"curies":[{"name":"wp","href":"https:\/\/api.w.org\/{rel}","templated":true}]}}