{"id":66161,"date":"2025-09-11T12:17:03","date_gmt":"2025-09-11T15:17:03","guid":{"rendered":"https:\/\/infovera.com.ar\/web\/?p=66161"},"modified":"2025-09-11T12:17:03","modified_gmt":"2025-09-11T15:17:03","slug":"provincia-abre-la-convocatoria-para-la-conformacion-de-la-delegacion-oficial-en-cosquin-2026","status":"publish","type":"post","link":"https:\/\/infovera.com.ar\/web\/2025\/09\/11\/provincia-abre-la-convocatoria-para-la-conformacion-de-la-delegacion-oficial-en-cosquin-2026\/","title":{"rendered":"Provincia abre la convocatoria para la conformaci\u00f3n de la Delegaci\u00f3n Oficial en Cosqu\u00edn 2026"},"content":{"rendered":"<p>El Gobierno de Santa Fe, a trav\u00e9s del Ministerio de Cultura, abre desde este lunes 15 de septiembre la convocatoria para conformar el cuerpo de danza que representar\u00e1 a la provincia en el tradicional festival folcl\u00f3rico. La propuesta art\u00edstica explorar\u00e1 la figura y el legado del Brigadier General Estanislao L\u00f3pez.<\/p>\n<p>El Gobierno de Santa Fe, a trav\u00e9s del Ministerio de Cultura, abre la convocatoria a bailarinas y bailarines para la conformaci\u00f3n de la Delegaci\u00f3n Oficial que representar\u00e1 a la provincia en el 66\u00ba Festival Nacional del Folclore de Cosqu\u00edn. El cuerpo de danza estar\u00e1 conformado por 40 artistas, que formar\u00e1n parte de una propuesta que, a trav\u00e9s de la m\u00fasica y la danza, explorar\u00e1 la figura y el legado del Brigadier General Estanislao L\u00f3pez. Las bases y formulario de inscripci\u00f3n estar\u00e1n disponibles desde el lunes 15 hasta el martes 30 de septiembre en www.santafecultura.gob.ar<\/p>\n<p>Con el objetivo de asegurar igualdad de oportunidades y transparencia en el proceso de selecci\u00f3n para artistas de todo el territorio provincial, la convocatoria diagramada por el Ministerio de Cultura est\u00e1 destinada a bailarinas y bailarines. Las personas seleccionadas recibir\u00e1n una asignaci\u00f3n est\u00edmulo (por \u00fanica vez) que ser\u00e1 establecida por el Jurado interviniente.<\/p>\n<p>La asignaci\u00f3n, destinada a cubrir el rol art\u00edstico, variar\u00e1 seg\u00fan las necesidades log\u00edsticas para la participaci\u00f3n en los ensayos requeridos en el corriente a\u00f1o, debiendo respetar igual asignaci\u00f3n para los seleccionados de la misma localidad. Los gastos de traslado, alojamiento y las comidas que sean necesarias cubrir para la actuaci\u00f3n en la localidad de Cosqu\u00edn, estar\u00e1n a cargo del Ministerio de Cultura de Santa Fe.<\/p>\n<p>Sobre la propuesta art\u00edstica<\/p>\n<p>La Provincia de Santa Fe llegar\u00e1 a la edici\u00f3n 2026 del Festival de Cosqu\u00edn con una propuesta art\u00edstica que explorar\u00e1 la figura y el legado del Brigadier General Estanislao L\u00f3pez, en coincidencia con el 240\u00ba aniversario de su nacimiento. Su figura hist\u00f3rica se convierte en el centro de una narrativa esc\u00e9nica impactante. El espect\u00e1culo mostrar\u00e1 la riqueza cultural e hist\u00f3rica de la provincia, a trav\u00e9s de un repertorio musical y coreogr\u00e1fico que celebra el pasado, honra a los pr\u00f3ceres y, al mismo tiempo, muestra la vitalidad cultural de Santa Fe.<br \/>\nPara ampliar esta informaci\u00f3n y ponerse en contacto con la organizaci\u00f3n, es necesario ingresar a www.santafecultura.gob.ar y\/o escribir al correo electr\u00f3nico convocatoriacosquin@santafe.gov.ar<\/p>\n","protected":false},"excerpt":{"rendered":"<p>El Gobierno de Santa Fe, a trav\u00e9s del Ministerio de Cultura, abre desde este lunes 15 de septiembre la convocatoria para conformar el cuerpo de danza que representar\u00e1 a la provincia en el tradicional festival folcl\u00f3rico. La propuesta art\u00edstica explorar\u00e1 la figura y el legado del Brigadier General Estanislao L\u00f3pez. El Gobierno de Santa Fe, [&hellip;]<\/p>\n","protected":false},"author":3,"featured_media":66163,"comment_status":"closed","ping_status":"closed","sticky":false,"template":"","format":"standard","meta":{"_joinchat":[],"footnotes":""},"categories":[60],"tags":[],"class_list":{"0":"post-66161","1":"post","2":"type-post","3":"status-publish","4":"format-standard","5":"has-post-thumbnail","7":"category-provinciales"},"_links":{"self":[{"href":"https:\/\/infovera.com.ar\/web\/wp-json\/wp\/v2\/posts\/66161","targetHints":{"allow":["GET"]}}],"collection":[{"href":"https:\/\/infovera.com.ar\/web\/wp-json\/wp\/v2\/posts"}],"about":[{"href":"https:\/\/infovera.com.ar\/web\/wp-json\/wp\/v2\/types\/post"}],"author":[{"embeddable":true,"href":"https:\/\/infovera.com.ar\/web\/wp-json\/wp\/v2\/users\/3"}],"replies":[{"embeddable":true,"href":"https:\/\/infovera.com.ar\/web\/wp-json\/wp\/v2\/comments?post=66161"}],"version-history":[{"count":0,"href":"https:\/\/infovera.com.ar\/web\/wp-json\/wp\/v2\/posts\/66161\/revisions"}],"wp:featuredmedia":[{"embeddable":true,"href":"https:\/\/infovera.com.ar\/web\/wp-json\/wp\/v2\/media\/66163"}],"wp:attachment":[{"href":"https:\/\/infovera.com.ar\/web\/wp-json\/wp\/v2\/media?parent=66161"}],"wp:term":[{"taxonomy":"category","embeddable":true,"href":"https:\/\/infovera.com.ar\/web\/wp-json\/wp\/v2\/categories?post=66161"},{"taxonomy":"post_tag","embeddable":true,"href":"https:\/\/infovera.com.ar\/web\/wp-json\/wp\/v2\/tags?post=66161"}],"curies":[{"name":"wp","href":"https:\/\/api.w.org\/{rel}","templated":true}]}}