{"id":66158,"date":"2025-09-11T10:33:40","date_gmt":"2025-09-11T13:33:40","guid":{"rendered":"https:\/\/infovera.com.ar\/web\/?p=66158"},"modified":"2025-09-11T10:33:40","modified_gmt":"2025-09-11T13:33:40","slug":"este-viernes-se-realizara-el-acto-de-jura-de-la-nueva-constitucion-de-santa-fe","status":"publish","type":"post","link":"https:\/\/infovera.com.ar\/web\/2025\/09\/11\/este-viernes-se-realizara-el-acto-de-jura-de-la-nueva-constitucion-de-santa-fe\/","title":{"rendered":"Este viernes se realizar\u00e1 el acto de jura de la nueva Constituci\u00f3n de Santa Fe"},"content":{"rendered":"<p>Este viernes 12 de septiembre, a las 17, se llevar\u00e1 a cabo el acto oficial de jura de la nueva Constituci\u00f3n de la Provincia de Santa Fe, en el marco del proceso de reforma que culmina tras dos meses de trabajo de la Convenci\u00f3n.<\/p>\n<p>El viernes 12 de septiembre quedar\u00e1 grabado en la historia de la provincia: a partir de las 17 se desarrollar\u00e1 el acto de jura de la nueva Constituci\u00f3n de Santa Fe.<\/p>\n<p>La ceremonia tendr\u00e1 lugar en la Legislatura provincial y contar\u00e1 con la presencia de las m\u00e1ximas autoridades de los tres poderes del Estado, los convencionales constituyentes e invitados especiales.<\/p>\n<p>El acto de jura representa el cierre institucional de la Convenci\u00f3n, que sesion\u00f3 en comisiones y plenarios para debatir y aprobar el nuevo texto constitucional.<\/p>\n<p>La jornada marcar\u00e1 un hito hist\u00f3rico para la provincia, que renovar\u00e1 su Carta Magna despu\u00e9s de m\u00e1s de seis d\u00e9cadas de vigencia de la Constituci\u00f3n de 1962. Tras la jura, la nueva Constituci\u00f3n quedar\u00e1 formalmente promulgada y entrar\u00e1 en vigencia, consolidando reformas vinculadas con la organizaci\u00f3n del Estado, el r\u00e9gimen municipal, la ampliaci\u00f3n de derechos y la modernizaci\u00f3n institucional.<\/p>\n<p>Con este acto solemne, Santa Fe pondr\u00e1 en marcha un nuevo marco normativo que orientar\u00e1 el funcionamiento de sus poderes p\u00fablicos y la vida democr\u00e1tica de la provincia, posicion\u00e1ndola entre las constituciones m\u00e1s modernas del pa\u00eds.<\/p>\n","protected":false},"excerpt":{"rendered":"<p>Este viernes 12 de septiembre, a las 17, se llevar\u00e1 a cabo el acto oficial de jura de la nueva Constituci\u00f3n de la Provincia de Santa Fe, en el marco del proceso de reforma que culmina tras dos meses de trabajo de la Convenci\u00f3n. El viernes 12 de septiembre quedar\u00e1 grabado en la historia de [&hellip;]<\/p>\n","protected":false},"author":3,"featured_media":66159,"comment_status":"closed","ping_status":"closed","sticky":false,"template":"","format":"standard","meta":{"_joinchat":[],"footnotes":""},"categories":[76],"tags":[],"class_list":{"0":"post-66158","1":"post","2":"type-post","3":"status-publish","4":"format-standard","5":"has-post-thumbnail","7":"category-convencion-constituyente"},"_links":{"self":[{"href":"https:\/\/infovera.com.ar\/web\/wp-json\/wp\/v2\/posts\/66158","targetHints":{"allow":["GET"]}}],"collection":[{"href":"https:\/\/infovera.com.ar\/web\/wp-json\/wp\/v2\/posts"}],"about":[{"href":"https:\/\/infovera.com.ar\/web\/wp-json\/wp\/v2\/types\/post"}],"author":[{"embeddable":true,"href":"https:\/\/infovera.com.ar\/web\/wp-json\/wp\/v2\/users\/3"}],"replies":[{"embeddable":true,"href":"https:\/\/infovera.com.ar\/web\/wp-json\/wp\/v2\/comments?post=66158"}],"version-history":[{"count":0,"href":"https:\/\/infovera.com.ar\/web\/wp-json\/wp\/v2\/posts\/66158\/revisions"}],"wp:featuredmedia":[{"embeddable":true,"href":"https:\/\/infovera.com.ar\/web\/wp-json\/wp\/v2\/media\/66159"}],"wp:attachment":[{"href":"https:\/\/infovera.com.ar\/web\/wp-json\/wp\/v2\/media?parent=66158"}],"wp:term":[{"taxonomy":"category","embeddable":true,"href":"https:\/\/infovera.com.ar\/web\/wp-json\/wp\/v2\/categories?post=66158"},{"taxonomy":"post_tag","embeddable":true,"href":"https:\/\/infovera.com.ar\/web\/wp-json\/wp\/v2\/tags?post=66158"}],"curies":[{"name":"wp","href":"https:\/\/api.w.org\/{rel}","templated":true}]}}