{"id":66145,"date":"2025-09-10T17:03:27","date_gmt":"2025-09-10T20:03:27","guid":{"rendered":"https:\/\/infovera.com.ar\/web\/?p=66145"},"modified":"2025-09-12T09:16:53","modified_gmt":"2025-09-12T12:16:53","slug":"discurso-del-senador-osvaldo-sosa-al-finalizar-la-labor-de-la-convencion","status":"publish","type":"post","link":"https:\/\/infovera.com.ar\/web\/2025\/09\/10\/discurso-del-senador-osvaldo-sosa-al-finalizar-la-labor-de-la-convencion\/","title":{"rendered":"Discurso del senador Osvaldo Sosa al finalizar la labor de la Convenci\u00f3n"},"content":{"rendered":"<p><iframe loading=\"lazy\" style=\"border: none; overflow: hidden;\" src=\"https:\/\/www.facebook.com\/plugins\/video.php?height=252&amp;href=https%3A%2F%2Fwww.facebook.com%2Freel%2F988962940000110%2F&amp;show_text=true&amp;width=560&amp;t=0\" width=\"560\" height=\"367\" frameborder=\"0\" scrolling=\"no\" allowfullscreen=\"allowfullscreen\"><\/iframe><\/p>\n<p>El senador Osvaldo Sosa culmin\u00f3 su intervenci\u00f3n como convencional con un mensaje de agradecimiento, principalmente al equipo de asesores \u201cque logr\u00e9 formar en mi departamento con vecinos y referentes desde Calchaqu\u00ed hasta Los Amores, que no se los ve pero fueron part\u00edcipes necesarios que tuvieron la posibilidad de venir a exponer ac\u00e1 sus ideas y propuestas con el objetivo claro de ampliar derechos\u201d.<\/p>\n<p>Consider\u00f3 que \u201ccerramos una etapa que quedar\u00e1 grabada en la memoria de todos los santafesinos, en la que m\u00e1s all\u00e1 de las diferencias pol\u00edticas e ideol\u00f3gicas elegimos el camino del consenso, porque entendimos que una Constituci\u00f3n no es el triunfo de unos sobre otros sino el pacto com\u00fan que nos une como pueblo y nos proyecta hacia el futuro\u201d.<\/p>\n<p>Reconoci\u00f3 que \u201cno ha sido un camino sencillo, porque somos personas distintas y vivimos en lugares distintos, yo vengo del norte y creo haberlo representado\u201d.<\/p>\n<p>\u201cTengo mucha esperanza porque en el norte tenemos muchos sue\u00f1os, no porque seamos so\u00f1adores sino porque a lo largo del tiempo se fueron acumulando y tengo mucha fe en que podremos concretarlos\u201d, se\u00f1al\u00f3.<\/p>\n<p>\u201cSeguramente con esta constituci\u00f3n los j\u00f3venes podr\u00e1n desarrollarse y en funci\u00f3n de ampliar derechos hemos logrado que los pueblos originarios sean reconocidos y que la discapacidad sea visibilizada\u201d, agreg\u00f3<br \/>\n\u201cConf\u00edo plenamente en que esta nueva Constituci\u00f3n nos brindar\u00e1 m\u00e1s democracia, m\u00e1s paz y m\u00e1s justicia social\u201d, concluy\u00f3.<\/p>\n","protected":false},"excerpt":{"rendered":"<p>El senador Osvaldo Sosa culmin\u00f3 su intervenci\u00f3n como convencional con un mensaje de agradecimiento, principalmente al equipo de asesores \u201cque logr\u00e9 formar en mi departamento con vecinos y referentes desde Calchaqu\u00ed hasta Los Amores, que no se los ve pero fueron part\u00edcipes necesarios que tuvieron la posibilidad de venir a exponer ac\u00e1 sus ideas y [&hellip;]<\/p>\n","protected":false},"author":3,"featured_media":66146,"comment_status":"closed","ping_status":"closed","sticky":false,"template":"","format":"standard","meta":{"_joinchat":[],"footnotes":""},"categories":[76,60],"tags":[],"class_list":{"0":"post-66145","1":"post","2":"type-post","3":"status-publish","4":"format-standard","5":"has-post-thumbnail","7":"category-convencion-constituyente","8":"category-provinciales"},"_links":{"self":[{"href":"https:\/\/infovera.com.ar\/web\/wp-json\/wp\/v2\/posts\/66145","targetHints":{"allow":["GET"]}}],"collection":[{"href":"https:\/\/infovera.com.ar\/web\/wp-json\/wp\/v2\/posts"}],"about":[{"href":"https:\/\/infovera.com.ar\/web\/wp-json\/wp\/v2\/types\/post"}],"author":[{"embeddable":true,"href":"https:\/\/infovera.com.ar\/web\/wp-json\/wp\/v2\/users\/3"}],"replies":[{"embeddable":true,"href":"https:\/\/infovera.com.ar\/web\/wp-json\/wp\/v2\/comments?post=66145"}],"version-history":[{"count":0,"href":"https:\/\/infovera.com.ar\/web\/wp-json\/wp\/v2\/posts\/66145\/revisions"}],"wp:featuredmedia":[{"embeddable":true,"href":"https:\/\/infovera.com.ar\/web\/wp-json\/wp\/v2\/media\/66146"}],"wp:attachment":[{"href":"https:\/\/infovera.com.ar\/web\/wp-json\/wp\/v2\/media?parent=66145"}],"wp:term":[{"taxonomy":"category","embeddable":true,"href":"https:\/\/infovera.com.ar\/web\/wp-json\/wp\/v2\/categories?post=66145"},{"taxonomy":"post_tag","embeddable":true,"href":"https:\/\/infovera.com.ar\/web\/wp-json\/wp\/v2\/tags?post=66145"}],"curies":[{"name":"wp","href":"https:\/\/api.w.org\/{rel}","templated":true}]}}