{"id":66143,"date":"2025-09-10T17:47:29","date_gmt":"2025-09-10T20:47:29","guid":{"rendered":"https:\/\/infovera.com.ar\/web\/?p=66143"},"modified":"2025-09-10T17:47:29","modified_gmt":"2025-09-10T20:47:29","slug":"condenaron-a-un-hombre-que-comercializo-videos-intimos-de-una-adolescente-en-redes-sociales","status":"publish","type":"post","link":"https:\/\/infovera.com.ar\/web\/2025\/09\/10\/condenaron-a-un-hombre-que-comercializo-videos-intimos-de-una-adolescente-en-redes-sociales\/","title":{"rendered":"Condenaron a un hombre que comercializ\u00f3 videos \u00edntimos de una adolescente en redes sociales"},"content":{"rendered":"<p><strong>Se trata de Ger\u00f3nimo Daniel Rold\u00e1n, de 29 a\u00f1os, quien vendi\u00f3 las filmaciones a trav\u00e9s de perfiles falsos que estaban a nombre de ella. Se le impuso una pena a tres a\u00f1os y seis meses de prisi\u00f3n. La sentencia fue dispuesta en el marco de un juicio oral desarrollado en Reconquista. El fiscal Sebasti\u00e1n Marichal estuvo a cargo de la investigaci\u00f3n.<\/strong><\/p>\n<p>Un hombre\u00a0de\u00a029 a\u00f1os identificado como\u00a0Ger\u00f3nimo Daniel Rold\u00e1n\u00a0fue condenado a tres a\u00f1os y seis meses de prisi\u00f3n por haber\u00a0enga\u00f1ado a una adolescente para que le env\u00ede videos \u00edntimos de ella y luego los vendi\u00f3 en las redes sociales.<\/p>\n<p>La sentencia fue dispuesta por el juez Sergio Olivera, en un juicio oral que se desarroll\u00f3 en los tribunales de Reconquista.<\/p>\n<p>El fiscal Sebasti\u00e1n Marichal estuvo a cargo de la investigaci\u00f3n penal y tambi\u00e9n represent\u00f3 al MPA en el debate. Seg\u00fan indic\u00f3, \u201csi bien valoramos la sentencia condenatoria, aguardaremos los fundamentos del fallo para poder analizar lo que llev\u00f3 al magistrado a resolver de la forma en la que lo hizo, sobre todo en relaci\u00f3n al monto de la pena\u201d. Al respecto, mencion\u00f3 que \u201clos tres a\u00f1os y seis meses de prisi\u00f3n resultaron de la unificaci\u00f3n\u00a0con otra pena\u00a0que Rold\u00e1n\u201d.<\/p>\n<p><strong>Fotos y videos<\/strong><\/p>\n<p>Marichal afirm\u00f3 que \u201cdurante\u00a02020, el condenado enga\u00f1\u00f3 a la v\u00edctima para que le env\u00ede fotos y videos \u00edntimos\u00a0a trav\u00e9s de Facebook\u201d, y precis\u00f3 que \u201cpor entonces, ella transitaba la primera parte de la escuela secundaria\u201d. En tal sentido, remarc\u00f3 que \u201cesas conductas\u00a0configuraron el delito de\u00a0grooming\u201d.<\/p>\n<p>El fiscal\u00a0tambi\u00e9n\u00a0sostuvo que \u201centre octubre y noviembre de 2021,\u00a0Rold\u00e1n ofreci\u00f3\u00a0a la venta\u00a0las filmaciones de la v\u00edctima\u201d, y subray\u00f3 que \u201clo hizo en Facebook e Instagram a trav\u00e9s de perfiles falsos a nombre de ella\u201d.<\/p>\n<p>El funcionario del MPA detall\u00f3 que \u201cen el marco de un allanamiento, al condenado se le secuestraron un tel\u00e9fono celular, dos computadoras, tres discos r\u00edgidos, una tarjeta de memoria, un pendrive y un dispositivo tipo posnet de una billetera virtual que fueron decomisados\u201d.<\/p>\n<p><strong>Delitos<\/strong><\/p>\n<p>Rold\u00e1n fue condenado como autor de los delitos de\u00a0grooming\u00a0y de ofrecimiento, publicaci\u00f3n y comercio de los videos \u00edntimos de la v\u00edctima.<\/p>\n<p>&nbsp;<\/p>\n","protected":false},"excerpt":{"rendered":"<p>Se trata de Ger\u00f3nimo Daniel Rold\u00e1n, de 29 a\u00f1os, quien vendi\u00f3 las filmaciones a trav\u00e9s de perfiles falsos que estaban a nombre de ella. Se le impuso una pena a tres a\u00f1os y seis meses de prisi\u00f3n. La sentencia fue dispuesta en el marco de un juicio oral desarrollado en Reconquista. El fiscal Sebasti\u00e1n Marichal [&hellip;]<\/p>\n","protected":false},"author":3,"featured_media":19178,"comment_status":"closed","ping_status":"closed","sticky":false,"template":"","format":"standard","meta":{"_joinchat":[],"footnotes":""},"categories":[30,61],"tags":[],"class_list":{"0":"post-66143","1":"post","2":"type-post","3":"status-publish","4":"format-standard","5":"has-post-thumbnail","7":"category-policiales","8":"category-regionales"},"_links":{"self":[{"href":"https:\/\/infovera.com.ar\/web\/wp-json\/wp\/v2\/posts\/66143","targetHints":{"allow":["GET"]}}],"collection":[{"href":"https:\/\/infovera.com.ar\/web\/wp-json\/wp\/v2\/posts"}],"about":[{"href":"https:\/\/infovera.com.ar\/web\/wp-json\/wp\/v2\/types\/post"}],"author":[{"embeddable":true,"href":"https:\/\/infovera.com.ar\/web\/wp-json\/wp\/v2\/users\/3"}],"replies":[{"embeddable":true,"href":"https:\/\/infovera.com.ar\/web\/wp-json\/wp\/v2\/comments?post=66143"}],"version-history":[{"count":0,"href":"https:\/\/infovera.com.ar\/web\/wp-json\/wp\/v2\/posts\/66143\/revisions"}],"wp:featuredmedia":[{"embeddable":true,"href":"https:\/\/infovera.com.ar\/web\/wp-json\/wp\/v2\/media\/19178"}],"wp:attachment":[{"href":"https:\/\/infovera.com.ar\/web\/wp-json\/wp\/v2\/media?parent=66143"}],"wp:term":[{"taxonomy":"category","embeddable":true,"href":"https:\/\/infovera.com.ar\/web\/wp-json\/wp\/v2\/categories?post=66143"},{"taxonomy":"post_tag","embeddable":true,"href":"https:\/\/infovera.com.ar\/web\/wp-json\/wp\/v2\/tags?post=66143"}],"curies":[{"name":"wp","href":"https:\/\/api.w.org\/{rel}","templated":true}]}}