{"id":66138,"date":"2025-09-10T17:04:19","date_gmt":"2025-09-10T20:04:19","guid":{"rendered":"https:\/\/infovera.com.ar\/web\/?p=66138"},"modified":"2025-09-12T09:16:14","modified_gmt":"2025-09-12T12:16:14","slug":"discurso-del-convencional-emiliano-peralta-en-el-cierre-de-la-convencion-reformadora","status":"publish","type":"post","link":"https:\/\/infovera.com.ar\/web\/2025\/09\/10\/discurso-del-convencional-emiliano-peralta-en-el-cierre-de-la-convencion-reformadora\/","title":{"rendered":"Discurso del convencional Emiliano Peralta en el cierre de la Convenci\u00f3n Reformadora"},"content":{"rendered":"<p><strong>Sr. Presidente, Sres. Convencionales:<\/strong><\/p>\n<p>Pr\u00e1ctica inusual en m\u00ed, hoy quiz\u00e1s por la emoci\u00f3n que me invade en este momento, solicitar\u00e9 permiso para leer, Presidente.<\/p>\n<p>Hemos llegado al final de este largo proceso de Reforma de la Constituci\u00f3n.<br \/>\nHablo de proceso, pues involucr\u00f3 desde la discusi\u00f3n parlamentaria sobre la ley de necesidad de reforma (su oportunidad, su contenido, el modo de elecci\u00f3n de los convencionales\u2026 el sentido indicado que deb\u00edan tener los art\u00edculos\u2026) hasta la Convenci\u00f3n en s\u00ed misma.<\/p>\n<p>No es novedad que de ello he sido muy cr\u00edtico. Y sostengo lo oportunamente dicho.<br \/>\nPero tambi\u00e9n es cierto que, propio de la naturaleza humana, uno llega a estas instancias con ciertos prejuicios, preconceptos o ideas sobre personas o espacios pol\u00edticos que no terminan siendo enteramente ciertas.<\/p>\n<p>Ser\u00e1 muy breve mi comentario sobre el fondo del articulado porque no es el objeto principal de estas palabras:<\/p>\n<p>Debo decir que en algunos temas (por ejemplo, composici\u00f3n de la futura c\u00e1mara de diputados e inmunidades parlamentarias) salimos con una constituci\u00f3n mejor que la que ten\u00edamos; en otros, me atrevo a humildemente manifestar preocupaci\u00f3n: es el \u00e1mbito del dise\u00f1o de la justicia la que a mi entender, se inserta en la columna del \u201cdebe\u201d con may\u00fasculas de esta Convenci\u00f3n. Considero realmente una oportunidad perdida por establecer mecanismos que permitan la selecci\u00f3n de los varones y mujeres m\u00e1s id\u00f3neos de nuestra Provincia para la sensible tarea de dirimir los conflictos de atribuciones de derechos, deberes y obligaciones entre los ciudadanos y entre el estado y los habitantes de esta provincia.<\/p>\n<p>Pero esta Convenci\u00f3n no se trat\u00f3 s\u00f3lo de redise\u00f1ar la estructura estatal, sino tambi\u00e9n de discutir y plasmar principios, declaraciones y derechos, todo lo cual es indudablemente atravesado por las concepciones pol\u00edticas, \u00e9ticas y filos\u00f3ficas de nosotros los convencionales; y hasta las religiosas o espirituales.<\/p>\n<p>Encuentro en este bloque tem\u00e1tico, quiz\u00e1s, las mayores diferencias con muchas de las cl\u00e1usulas que hemos plasmado en este texto y que se representan por ejemplo, en visiones completa o diametralmente opuestas respecto del \u201cderecho a la ciudad\u201d, o concepciones distintas respecto al sistema educativo. Entiendo, tambi\u00e9n, que fruto de la heterogeneidad de pensamiento en el amplio abanico ideol\u00f3gico de la primera minor\u00eda, muchos debates que se daban puertas adentro, llegaban a un punto de consenso donde cualquier opini\u00f3n opositora pudiera hacer crujir esos acuerdos; todo esto, tension\u00f3 y muchas veces impidi\u00f3, una mayor apertura hacia los bloques opositores.<\/p>\n<p>Pero, Presidente, de nada sirve ahondar en las diferencias porque s\u00ed.<\/p>\n<p>Mire, cuando mi compa\u00f1era de bloque me convoc\u00f3 para integrar una lista de convencionales, sent\u00ed una enorme alegr\u00eda, pero tambi\u00e9n una may\u00fascula responsabilidad. Supongo, tal vez, que as\u00ed se sentir\u00e1 un jugador de f\u00fatbol profesional cuando recibe el llamado del DT de turno para integrar la n\u00f3mina de jugadores de cara al Mundial de f\u00fatbol con su selecci\u00f3n. ALEGR\u00cdA, pero RESPONSABILIDAD inmensa.<br \/>\nNo debe haber quiz\u00e1s, para un hombre de leyes, cita mayor que la de redactar una Carta Magna. Es el contrato fundamental de su sociedad, en la que vive y en la que proyecta vivir.<\/p>\n<p>Y as\u00ed, llegu\u00e9 a esta convenci\u00f3n: sabiendo que quiz\u00e1s me toque estar en una postura minoritaria, pero decidido a hacer o\u00edr la voz de quienes confiaron en m\u00ed, en nosotros, nos hayan votado o no. Espero, Presidente, haber estado a la altura de tama\u00f1o compromiso c\u00edvico. A ello lo juzgar\u00e1 el pueblo de la Provincia en cada esquina que me cruce con un vecino; la historia, cuando lean las p\u00e1ginas que hoy escribimos; y Dios, cuando llegue el momento del descanso eterno. S\u00ed tengo la certeza de que jam\u00e1s se me pedir\u00e1 que rinda cuenta de las victorias obtenidas, pero s\u00ed de las batallas libradas con hidalgu\u00eda y eso, en alguna medida, me da tranquilidad.<\/p>\n<p>Llegamos al final de un camino exigente. Dejamos lejos a nuestras familias, a nuestros amigos. Hubo cansancio, frustraciones, enojos, discusiones acaloradas y hasta momentos en que parec\u00eda que nada pod\u00eda unirnos. Quiz\u00e1s all\u00ed falt\u00f3 generosidad, o sobr\u00f3 la desconfianza. Pero tambi\u00e9n hubo oportunidad de encuentro, de escucha y de coraje c\u00edvico.<\/p>\n<p>Y creo que fue ello lo que mantuvo vivo el esp\u00edritu de esta Convenci\u00f3n.<br \/>\nTengo la tranquilidad de haber puesto sobre la mesa nuestras diferencias con claridad y de frente, pero con un inmenso respeto, a\u00fan en la discusi\u00f3n acalorada.<\/p>\n<p><strong>Muchas veces me sent\u00ed en minor\u00eda o que me encontraba remando contra la corriente. No importa; no lo digo con reproche sino con orgullo: vine a esta Convenci\u00f3n a defender mis convicciones.<\/strong><\/p>\n<p>Pero a su vez s\u00e9 que cada uno de ustedes tambi\u00e9n lo hizo; y con la misma pasi\u00f3n.<br \/>\nParto de la buena fe de las personas y espero no estar equivocado en esta materia. S\u00ed, pensamos distinto. Pero si algo aprend\u00ed en este proceso es que esa diferencia est\u00e1 muy lejos de ser enemistad. No son mis enemigos (enemigos son la indeferencia, la corrupci\u00f3n, la injusticia); ustedes son mis adversarios, mis adversarios que -desde otra mirada- tambi\u00e9n quieren una provincia mejor. Discutimos fuerte, y nos enojamos. Si se quiere, en el \u201cporoteo\u201d me voy con m\u00e1s \u201cderrotas\u201d que victorias de esta Convenci\u00f3n. Pero me voy tambi\u00e9n con la certeza de que en un mundo cada vez m\u00e1s polarizado, cada vez m\u00e1s violento, cada vez menos humano, a\u00fan en las profundas diferencias hay lugar para el encuentro.<\/p>\n<p>Nuestras diferencias son reales, pero m\u00e1s reales son los desaf\u00edos que enfrenta esta Provincia y el objetivo que todos queremos: darles a nuestros coprovincianos un presente y un futuro digno.<br \/>\nEs que el futuro no est\u00e1 escrito en un papel: el futuro est\u00e1 por escribirse en un pueblo que est\u00e9 de pie, orgulloso de su historia y sus valores y dispuesto a conquistar un m\u00e1gico porvenir.<\/p>\n<p>Nuestra Provincia debe ser faro de un pueblo que a\u00fan busca la unidad nacional.<br \/>\nSi tal como dice nuestro Pre\u00e1mbulo y lo hicieron los Convencionales de 1853 al inaugurar la etapa del estado Argentino, invocamos a Dios, fuente de toda raz\u00f3n y justicia, ablandamos los corazones y abrimos nuestras cabezas, irremediablemente hemos de conseguir el fin \u00faltimo que tiene un pol\u00edtico: que es la felicidad de nuestro pueblo.-<\/p>\n","protected":false},"excerpt":{"rendered":"<p>Sr. Presidente, Sres. Convencionales: Pr\u00e1ctica inusual en m\u00ed, hoy quiz\u00e1s por la emoci\u00f3n que me invade en este momento, solicitar\u00e9 permiso para leer, Presidente. Hemos llegado al final de este largo proceso de Reforma de la Constituci\u00f3n. Hablo de proceso, pues involucr\u00f3 desde la discusi\u00f3n parlamentaria sobre la ley de necesidad de reforma (su oportunidad, [&hellip;]<\/p>\n","protected":false},"author":3,"featured_media":66139,"comment_status":"closed","ping_status":"closed","sticky":false,"template":"","format":"standard","meta":{"_joinchat":[],"footnotes":""},"categories":[76,60],"tags":[],"class_list":{"0":"post-66138","1":"post","2":"type-post","3":"status-publish","4":"format-standard","5":"has-post-thumbnail","7":"category-convencion-constituyente","8":"category-provinciales"},"_links":{"self":[{"href":"https:\/\/infovera.com.ar\/web\/wp-json\/wp\/v2\/posts\/66138","targetHints":{"allow":["GET"]}}],"collection":[{"href":"https:\/\/infovera.com.ar\/web\/wp-json\/wp\/v2\/posts"}],"about":[{"href":"https:\/\/infovera.com.ar\/web\/wp-json\/wp\/v2\/types\/post"}],"author":[{"embeddable":true,"href":"https:\/\/infovera.com.ar\/web\/wp-json\/wp\/v2\/users\/3"}],"replies":[{"embeddable":true,"href":"https:\/\/infovera.com.ar\/web\/wp-json\/wp\/v2\/comments?post=66138"}],"version-history":[{"count":0,"href":"https:\/\/infovera.com.ar\/web\/wp-json\/wp\/v2\/posts\/66138\/revisions"}],"wp:featuredmedia":[{"embeddable":true,"href":"https:\/\/infovera.com.ar\/web\/wp-json\/wp\/v2\/media\/66139"}],"wp:attachment":[{"href":"https:\/\/infovera.com.ar\/web\/wp-json\/wp\/v2\/media?parent=66138"}],"wp:term":[{"taxonomy":"category","embeddable":true,"href":"https:\/\/infovera.com.ar\/web\/wp-json\/wp\/v2\/categories?post=66138"},{"taxonomy":"post_tag","embeddable":true,"href":"https:\/\/infovera.com.ar\/web\/wp-json\/wp\/v2\/tags?post=66138"}],"curies":[{"name":"wp","href":"https:\/\/api.w.org\/{rel}","templated":true}]}}