{"id":66132,"date":"2025-09-10T13:01:13","date_gmt":"2025-09-10T16:01:13","guid":{"rendered":"https:\/\/infovera.com.ar\/web\/?p=66132"},"modified":"2025-09-10T13:01:13","modified_gmt":"2025-09-10T16:01:13","slug":"capacitacion-para-policias-verenses","status":"publish","type":"post","link":"https:\/\/infovera.com.ar\/web\/2025\/09\/10\/capacitacion-para-policias-verenses\/","title":{"rendered":"Capacitaci\u00f3n para polic\u00edas verenses"},"content":{"rendered":"<p><strong>En la ma\u00f1ana de este mi\u00e9rcoles, en las instalaciones del Club Policial se llev\u00f3 a cabo una jornada de capacitaci\u00f3n en RCP y primeros auxilios.<\/strong><\/p>\n<p>Los disertantes Dra. Alejandra Pujol y el enfermero Luis Berm\u00fadez (SIES 107) fueron los encargados de brindar sus conocimientos.<\/p>\n<p>Esta capacitaci\u00f3n tiene como objetivo generar y brindar herramientas b\u00e1sicas para el correcto accionar del personal policial de la Unidad Regional XIX, ante situaciones en<br \/>\nlas que se deba intervenir con v\u00edctimas de accidentes o siniestros donde la vida de las personas se encuentre en riesgo, enmarc\u00e1ndose en las normas legales vigentes.<\/p>\n<p>Director del curso: Jefe de URXIX Director de Polic\u00eda Lic. Eduardo Arias; ayudantes: Comisario Supervisor Cesar Sinchi (Jefe Divisi\u00f3n Personal) y encargada del<br \/>\n\u00e1rea de capacitaciones Subinspector Marisel Fleita.<\/p>\n","protected":false},"excerpt":{"rendered":"<p>En la ma\u00f1ana de este mi\u00e9rcoles, en las instalaciones del Club Policial se llev\u00f3 a cabo una jornada de capacitaci\u00f3n en RCP y primeros auxilios. Los disertantes Dra. Alejandra Pujol y el enfermero Luis Berm\u00fadez (SIES 107) fueron los encargados de brindar sus conocimientos. Esta capacitaci\u00f3n tiene como objetivo generar y brindar herramientas b\u00e1sicas para [&hellip;]<\/p>\n","protected":false},"author":3,"featured_media":66133,"comment_status":"closed","ping_status":"closed","sticky":false,"template":"","format":"standard","meta":{"_joinchat":[],"footnotes":""},"categories":[53],"tags":[],"class_list":{"0":"post-66132","1":"post","2":"type-post","3":"status-publish","4":"format-standard","5":"has-post-thumbnail","7":"category-vera"},"_links":{"self":[{"href":"https:\/\/infovera.com.ar\/web\/wp-json\/wp\/v2\/posts\/66132","targetHints":{"allow":["GET"]}}],"collection":[{"href":"https:\/\/infovera.com.ar\/web\/wp-json\/wp\/v2\/posts"}],"about":[{"href":"https:\/\/infovera.com.ar\/web\/wp-json\/wp\/v2\/types\/post"}],"author":[{"embeddable":true,"href":"https:\/\/infovera.com.ar\/web\/wp-json\/wp\/v2\/users\/3"}],"replies":[{"embeddable":true,"href":"https:\/\/infovera.com.ar\/web\/wp-json\/wp\/v2\/comments?post=66132"}],"version-history":[{"count":0,"href":"https:\/\/infovera.com.ar\/web\/wp-json\/wp\/v2\/posts\/66132\/revisions"}],"wp:featuredmedia":[{"embeddable":true,"href":"https:\/\/infovera.com.ar\/web\/wp-json\/wp\/v2\/media\/66133"}],"wp:attachment":[{"href":"https:\/\/infovera.com.ar\/web\/wp-json\/wp\/v2\/media?parent=66132"}],"wp:term":[{"taxonomy":"category","embeddable":true,"href":"https:\/\/infovera.com.ar\/web\/wp-json\/wp\/v2\/categories?post=66132"},{"taxonomy":"post_tag","embeddable":true,"href":"https:\/\/infovera.com.ar\/web\/wp-json\/wp\/v2\/tags?post=66132"}],"curies":[{"name":"wp","href":"https:\/\/api.w.org\/{rel}","templated":true}]}}