{"id":66129,"date":"2025-09-10T12:34:01","date_gmt":"2025-09-10T15:34:01","guid":{"rendered":"https:\/\/infovera.com.ar\/web\/?p=66129"},"modified":"2025-09-10T12:34:25","modified_gmt":"2025-09-10T15:34:25","slug":"sigue-la-espera-por-la-asistencia-a-sectores-afectados-por-la-inundacion-en-vera","status":"publish","type":"post","link":"https:\/\/infovera.com.ar\/web\/2025\/09\/10\/sigue-la-espera-por-la-asistencia-a-sectores-afectados-por-la-inundacion-en-vera\/","title":{"rendered":"Sigue la espera por la asistencia a sectores afectados por la inundaci\u00f3n en Vera"},"content":{"rendered":"<p style=\"font-weight: 400;\"><strong>Al promediar el mes de junio una delegaci\u00f3n integrada por funcionarios del Ministerio de Desarrollo Productivo estuvo en Vera para anu<\/strong>nciar \u201cel lanzamiento de una asistencia para sectores afectados por la inundaci\u00f3n\u201d.<\/p>\n<p style=\"font-weight: 400;\">En la ocasi\u00f3n la intendente, Paula Mitre, recibi\u00f3 a Gustavo Rezzoaglio, Secretario de Comercio Interior y Servicios; Sebasti\u00e1n Barbona, secretario del Ministerio de Desarrollo Productivo y Carlos Volpato, director de Cooperativas y Mutuales quienes anunciaron que \u201cel ministerio dispuso el primer desembolso de 120 millones de pesos que ser\u00e1n administrados a trav\u00e9s de la Asociaci\u00f3n para el Desarrollo del departamento Vera, motivo por el cual participaron del encuentro el presidente comunal de Margarita Ariel Bola\u00f1o, como presidente de la entidad, Juliana Caillat como referente territorial del gobierno de la provincia y Ricardo Saavedra, subsecretario de Producci\u00f3n y Empleo Municipal\u201d.<\/p>\n<p style=\"font-weight: 400;\">La intendente Mitre agradeci\u00f3 \u201cla r\u00e1pida respuesta del gobierno provincial\u201d, a trav\u00e9s del ministro Gustavo Puccini dado que, sufrido el fen\u00f3meno h\u00eddrico, \u201chab\u00edamos recibido asistencia social para la gente, recursos para la reparaci\u00f3n de la infraestructura vial pero nos faltaba atender las necesidades del sector privado que no estaba en condiciones de afrontar los gastos extraordinarios que le pudiera haber ocasionado la inundaci\u00f3n\u201d.<\/p>\n<p style=\"font-weight: 400;\">\u201cTiene libre disponibilidad o sea que puede invertirse en la refacci\u00f3n del local, reponer herramientas o incorporar elementos de trabajo\u201d, agreg\u00f3.<\/p>\n<p style=\"font-weight: 400;\">El secretario de comercio Gustavo Rezzoaglio aclar\u00f3 que \u201cesta l\u00ednea de cr\u00e9dito es una herramienta destinada a comerciantes, emprendedores y ganaderos que hayan sufrido alg\u00fan tipo de da\u00f1o en el evento clim\u00e1tico del mes pasado\u201d.<\/p>\n<p style=\"font-weight: 400;\">\u201cEl monto es hasta un mill\u00f3n de pesos, a tasa cero con tres meses de gracia, o sea que comienza a devolverse al cuarto mes en 12 cuotas fijas\u201d, aclar\u00f3.<\/p>\n<p style=\"font-weight: 400;\">Por su parte, el director Carlos Volpato se\u00f1al\u00f3 que \u201cel gobierno quiere acompa\u00f1ar a los emprendedores que tienen muchas ganas de trabajar, que comienzan siendo muy peque\u00f1os pero terminan creciendo en escala como en el caso de este taller que visitamos\u201d.<\/p>\n<p style=\"font-weight: 400;\">\u201cNos vamos muy conformes y reiteramos el compromiso de seguir acompa\u00f1ando este tipo de emprendimientos\u201d, expres\u00f3.<\/p>\n<p style=\"font-weight: 400;\"><strong>La recepci\u00f3n de solicitudes en la Subsecretar\u00eda de Producci\u00f3n y Empleo Municipal culmin\u00f3 el 27 de junio y, pese a la urgencia,\u00a0el gobierno, no cumpli\u00f3 el compromiso asumido y dej\u00f3 solos a los ilusionados emprendedores que, hace m\u00e1s de 60 d\u00edas, presentaron la documentaci\u00f3n exigida y a\u00fan no recibieron el cr\u00e9dito prometido.<\/strong><\/p>\n<p>Letyana Press<\/p>\n","protected":false},"excerpt":{"rendered":"<p>Al promediar el mes de junio una delegaci\u00f3n integrada por funcionarios del Ministerio de Desarrollo Productivo estuvo en Vera para anunciar \u201cel lanzamiento de una asistencia para sectores afectados por la inundaci\u00f3n\u201d. En la ocasi\u00f3n la intendente, Paula Mitre, recibi\u00f3 a Gustavo Rezzoaglio, Secretario de Comercio Interior y Servicios; Sebasti\u00e1n Barbona, secretario del Ministerio de [&hellip;]<\/p>\n","protected":false},"author":3,"featured_media":63200,"comment_status":"closed","ping_status":"closed","sticky":false,"template":"","format":"standard","meta":{"_joinchat":[],"footnotes":""},"categories":[53],"tags":[],"class_list":{"0":"post-66129","1":"post","2":"type-post","3":"status-publish","4":"format-standard","5":"has-post-thumbnail","7":"category-vera"},"_links":{"self":[{"href":"https:\/\/infovera.com.ar\/web\/wp-json\/wp\/v2\/posts\/66129","targetHints":{"allow":["GET"]}}],"collection":[{"href":"https:\/\/infovera.com.ar\/web\/wp-json\/wp\/v2\/posts"}],"about":[{"href":"https:\/\/infovera.com.ar\/web\/wp-json\/wp\/v2\/types\/post"}],"author":[{"embeddable":true,"href":"https:\/\/infovera.com.ar\/web\/wp-json\/wp\/v2\/users\/3"}],"replies":[{"embeddable":true,"href":"https:\/\/infovera.com.ar\/web\/wp-json\/wp\/v2\/comments?post=66129"}],"version-history":[{"count":0,"href":"https:\/\/infovera.com.ar\/web\/wp-json\/wp\/v2\/posts\/66129\/revisions"}],"wp:featuredmedia":[{"embeddable":true,"href":"https:\/\/infovera.com.ar\/web\/wp-json\/wp\/v2\/media\/63200"}],"wp:attachment":[{"href":"https:\/\/infovera.com.ar\/web\/wp-json\/wp\/v2\/media?parent=66129"}],"wp:term":[{"taxonomy":"category","embeddable":true,"href":"https:\/\/infovera.com.ar\/web\/wp-json\/wp\/v2\/categories?post=66129"},{"taxonomy":"post_tag","embeddable":true,"href":"https:\/\/infovera.com.ar\/web\/wp-json\/wp\/v2\/tags?post=66129"}],"curies":[{"name":"wp","href":"https:\/\/api.w.org\/{rel}","templated":true}]}}