{"id":66125,"date":"2025-09-10T12:02:09","date_gmt":"2025-09-10T15:02:09","guid":{"rendered":"https:\/\/infovera.com.ar\/web\/?p=66125"},"modified":"2025-09-10T12:02:09","modified_gmt":"2025-09-10T15:02:09","slug":"avellaneda-fue-sede-de-un-seminario-internacional-sobre-agenda-urbana-y-desarrollo-territorial","status":"publish","type":"post","link":"https:\/\/infovera.com.ar\/web\/2025\/09\/10\/avellaneda-fue-sede-de-un-seminario-internacional-sobre-agenda-urbana-y-desarrollo-territorial\/","title":{"rendered":"Avellaneda fue sede de un seminario internacional sobre Agenda Urbana y Desarrollo Territorial"},"content":{"rendered":"<strong>El encuentro se desarroll\u00f3 en el Centro de Innovaci\u00f3n. Autoridades de la regi\u00f3n, la provincia y Europa intercambiaron experiencias sobre fortalezas y oportunidades de la cooperaci\u00f3n.<\/strong>\r\n\r\n\r\n<div class=\"wp-block-group\"><div class=\"wp-block-group__inner-container is-layout-constrained wp-block-group-is-layout-constrained\">En el Centro de Innovaci\u00f3n, se llev\u00f3 a cabo el Seminario Internacional &#8220;Agenda Urbana y Desarrollo Territorial: fortalezas y oportunidades de la cooperaci\u00f3n internacional&#8221;, un espacio de intercambio y reflexi\u00f3n con referentes locales, provinciales e internacionales.\r\n\r\n En la apertura, el intendente Gonzalo Braidot destac\u00f3 la importancia del encuentro: &#8220;La verdad que es una alegr\u00eda poder compartir una tarde en este lugar tan especial, que es el Centro de Innovaci\u00f3n en Avellaneda, fruto de la cooperaci\u00f3n internacional. Hace casi un a\u00f1o lo inauguramos en el marco de un proyecto muy importante que llevamos adelante junto a la Uni\u00f3n Europea&#8221;.\r\n\r\n<\/div><\/div>\r\n \r\n\r\nEl mandatario subray\u00f3 que esta instancia permite escuchar a profesionales altamente capacitados y generar, entre todos, una base de conocimiento compartido orientada al desarrollo de las localidades. Adem\u00e1s, sostuvo que &#8220;quienes ocupamos cargos de gobierno y quienes integramos distintas instituciones buscamos lo mismo: que nuestras comunidades prosperen y se desarrollen de manera genuina. Por eso, trabajar en este nivel de intercambio internacional, regional y local es un verdadero gusto para nosotros&#8221;.\r\n\r\n \r\n\r\nEl seminario cont\u00f3 con la presencia de Xo\u00e1n V\u00e1zquez Mao, secretario general de Eixo Atl\u00e1ntico; Nicol\u00e1s Cuesta, intendente de San Justo y coordinador de la UT Desarrollo Urbano de Mercociudades; y Claudio D\u00edaz, secretario de Relaciones Internacionales de la Provincia de Santa Fe.\r\n\r\n \r\n\r\nLa coordinadora de Proyectos y Cooperaci\u00f3n Internacional del municipio, Marianela Bianchi, abri\u00f3 la jornada presentando el recorrido de Avellaneda en materia de cooperaci\u00f3n, recordando la primera misi\u00f3n a Italia en 1985 y el actual proyecto URB3iS (Desarrollo urbano integrado, inclusivo, innovador y sostenible de Avellaneda y la regi\u00f3n) financiado por la Uni\u00f3n Europea.\r\n\r\n \r\n\r\nLa primera conferencia estuvo a cargo de Harold Giovanny Espinel Navas, quien present\u00f3 la exposici\u00f3n &#8220;Planificaci\u00f3n Estrat\u00e9gica de Avellaneda. Camino a los 150 a\u00f1os de la ciudad&#8221; y comparti\u00f3 una rese\u00f1a sobre la Agenda Estrat\u00e9gica Rural 2030. Luego, los expertos del Eixo Atl\u00e1ntico, Francesc C\u00e1rdenas Ropero y Jos\u00e9 Mariano dos Santos Soeiro, brindaron sus aportes como asesores en sostenibilidad y agenda urbana. El evento culmin\u00f3 con un espacio de intercambio y un \u00e1gape entre los presentes.\r\n\r\n \r\n<p class=\"has-large-font-size\"><strong>Planificaci\u00f3n\u00a0<\/strong><\/p>\r\n \r\n\r\nNicol\u00e1s Cuesta, intendente de San Justo y coordinador de la unidad tem\u00e1tica de Desarrollo Urbano de Mercociudades, destac\u00f3 la importancia de pensar pol\u00edticas urbanas con visi\u00f3n asociativa, regional y de cooperaci\u00f3n internacional. &#8220;Nuestras ciudades est\u00e1n apremiadas de necesidades de planificaci\u00f3n, y adem\u00e1s con pocos recursos, por lo que la doble necesidad es evidente&#8221;, plante\u00f3 Cuesta.\r\n\r\n \r\n\r\nCuesta explic\u00f3 que Mercociudades es una red de ciudades de Am\u00e9rica Latina, &#8220;an\u00e1loga al Mercosur, pero que funciona mejor, porque las ciudades no tenemos margen para politizar los v\u00ednculos; tenemos que trabajar y aprender r\u00e1pido&#8221;.\r\n\r\n \r\n\r\nSeg\u00fan el intendente, uno de los grandes valores de la red es que se organiza en unidades tem\u00e1ticas -como planificaci\u00f3n urbana o educaci\u00f3n- donde participan las ciudades m\u00e1s interesadas en esas \u00e1reas, lo que garantiza un aprendizaje m\u00e1s fluido y colaborativo.\r\n\r\n \r\n<p class=\"has-large-font-size\"><strong>Regionalizaci\u00f3n<\/strong><\/p>\r\n \r\n\r\nCuesta record\u00f3 que en 2016 San Justo comenz\u00f3 a planificar su desarrollo tomando como base la Nueva Agenda Urbana, un marco internacional de referencia. Sin embargo, reconoci\u00f3 que el alcance de esa planificaci\u00f3n ya qued\u00f3 limitado frente a los nuevos desaf\u00edos: &#8220;Hoy la planificaci\u00f3n no puede quedarse en los l\u00edmites de la ciudad. La nueva Constituci\u00f3n de Santa Fe valid\u00f3 la regionalizaci\u00f3n y la asociaci\u00f3n de ciudades, que es un desaf\u00edo important\u00edsimo&#8221;.\r\n\r\n \r\n\r\nEl intendente explic\u00f3 que, mientras ciudades como Reconquista y Avellaneda tienen la posibilidad de metropolizarse, otras como San Justo no pueden hacerlo, pero s\u00ed avanzar en esquemas de regionalizaci\u00f3n asociativa.\r\n\r\n \r\n\r\n&#8220;Proyectos de tratamiento de residuos, de econom\u00eda circular o de turismo requieren poblaciones m\u00ednimas de 150 mil habitantes. San Justo, con casi 30 mil, no puede afrontarlos solo. Pero estamos hablando con San Javier y otras localidades de la Ruta 1&#8221; para poder alcanzar esa escala y &#8220;transformar el territorio&#8221;.\r\n\r\n \r\n<p class=\"has-large-font-size\"><strong>Motor de desarrollo<\/strong><\/p>\r\n \r\n\r\n&#8220;Hace mucho que lo aprendimos: las ciudades somos el futuro y el presente. Lo que nos pase va a estar centralmente en lo que pase en nuestras ciudades, que somos las que tenemos la responsabilidad y el contacto inmediato con las vecinas y vecinos&#8221;. Con esta mirada, el intendente de San Justo resalt\u00f3 que los encuentros regionales sirven no solo para compartir experiencias, sino tambi\u00e9n para visibilizar el trabajo que se realiza en el centro-norte santafesino, muchas veces alejado de la atenci\u00f3n de los grandes centros urbanos.\r\n\r\n \r\n\r\n&#8220;No estamos ni retrasados ni olvidados. Estamos trabajando en este territorio, con lo que tenemos, y con esfuerzo colectivo&#8221;, concluy\u00f3.\r\n\r\n \r\n<p class=\"has-large-font-size\"><strong>So\u00f1ar con los ojos abiertos<\/strong><\/p>\r\n \r\n\r\nEl secretario general del Eixo Atl\u00e1ntico -organismo sin \u00e1nimo de lucro del noroeste peninsular europeo que se dedica a apoyar todas aquellas iniciativas que fomenten la cooperaci\u00f3n transfronteriza-, Xo\u00e1n V\u00e1zquez Mao, dej\u00f3 reflexiones sobre la gesti\u00f3n p\u00fablica, la cooperaci\u00f3n internacional y la necesidad de pensar proyectos estrat\u00e9gicos que se concreten en hechos.\r\n\r\n \r\n\r\n&#8220;Hacer sin pensar son ocurrencias y pensar sin hacer son entelequias. Estos son dos vicios habituales en la administraci\u00f3n&#8221;, advirti\u00f3 V\u00e1zquez Mao. En ese marco, subray\u00f3 que las pol\u00edticas p\u00fablicas deben dise\u00f1arse con planificaci\u00f3n, pero tambi\u00e9n con acci\u00f3n, y siempre de la mano de la ciudadan\u00eda.\r\n\r\n \r\n\r\nEl dirigente destac\u00f3 el camino de colaboraci\u00f3n iniciado con comunidades del interior argentino, que sorprendieron al Eixo Atl\u00e1ntico por su capacidad de innovaci\u00f3n, internacionalizaci\u00f3n y trabajo en red pese a las dificultades.\r\n\r\n \r\n\r\nEn su repaso, record\u00f3 que un proyecto conjunto hab\u00eda sido bien posicionado en la Agencia Espa\u00f1ola de Cooperaci\u00f3n, pero que finalmente no prosper\u00f3 por falta de apoyo del Gobierno nacional argentino. Sin embargo, ratific\u00f3 que la decisi\u00f3n es avanzar de todos modos, con recursos propios y la convicci\u00f3n de que las oportunidades llegar\u00e1n. Para graficarlo, cit\u00f3 una frase atribuida a T.E. Lawrence (Lawrence de Arabia): &#8220;Los m\u00e1s peligrosos son los que sue\u00f1an con los ojos abiertos, porque ellos ya han cumplido sus sue\u00f1os&#8221;.\r\n\r\n \r\n\r\n&#8220;Nosotros tenemos la costumbre com\u00fan de so\u00f1ar con los ojos abiertos -concluy\u00f3-, y por eso vamos a seguir trabajando, tozudamente, convencidos de que este camino dar\u00e1 frutos&#8221;.\r\n\r\n \r\n<p class=\"has-large-font-size\"><strong>Internacionalizar la provincia<\/strong><\/p>\r\n \r\n\r\nEl secretario de Relaciones Internacionales de la provincia de Santa Fe, Claudio D\u00edaz resalt\u00f3 el valor de la internacionalizaci\u00f3n como pol\u00edtica p\u00fablica y la necesidad de sostener procesos de cooperaci\u00f3n m\u00e1s all\u00e1 de coyunturas pol\u00edticas y contextos internacionales adversos.\r\n\r\n \r\n\r\n&#8220;Estamos aqu\u00ed no solo por compromiso, sino porque consideramos fundamental acompa\u00f1ar a quienes, desde ciudades del interior, vienen apostando a la internacionalizaci\u00f3n&#8221;, destac\u00f3 D\u00edaz.\r\n\r\n \r\n\r\nD\u00edaz subray\u00f3 que la tarea de internacionalizar la provincia enfrenta una doble dificultad. El contexto internacional: marcado por conflictos b\u00e9licos, crisis humanitarias y un comercio global cada vez m\u00e1s tensionado tras los cambios de pol\u00edtica de Estados Unidos; y la relaci\u00f3n con el Estado Nacional, que atraviesa un proceso de reformulaci\u00f3n en sus v\u00ednculos con las provincias y en sus posturas hist\u00f3ricas en pol\u00edtica exterior.\r\n\r\n \r\n\r\nUno de los ejes de la gesti\u00f3n actual fue la creaci\u00f3n de un programa de territorializaci\u00f3n de las relaciones internacionales, orientado a fortalecer municipios intermedios, ciudades peque\u00f1as y comunas.\r\n\r\n \r\n\r\nD\u00edaz anunci\u00f3 la puesta en marcha del primer Instituto de Relaciones Internacionales de una provincia argentina, con el objetivo de pensar estrat\u00e9gicamente la inserci\u00f3n global de Santa Fe y transformarlo en acci\u00f3n concreta. El secretario insisti\u00f3 en que la internacionalizaci\u00f3n de Santa Fe no debe depender de coyunturas pol\u00edticas, sino consolidarse como una pol\u00edtica de Estado.\r\n\r\n","protected":false},"excerpt":{"rendered":"<p>El encuentro se desarroll\u00f3 en el Centro de Innovaci\u00f3n. Autoridades de la regi\u00f3n, la provincia y Europa intercambiaron experiencias sobre fortalezas y oportunidades de la cooperaci\u00f3n. En el Centro de Innovaci\u00f3n, se llev\u00f3 a cabo el Seminario Internacional &#8220;Agenda Urbana y Desarrollo Territorial: fortalezas y oportunidades de la cooperaci\u00f3n internacional&#8221;, un espacio de intercambio y [&hellip;]<\/p>\n","protected":false},"author":3,"featured_media":66126,"comment_status":"closed","ping_status":"closed","sticky":false,"template":"","format":"standard","meta":{"_joinchat":[],"footnotes":""},"categories":[61],"tags":[],"class_list":{"0":"post-66125","1":"post","2":"type-post","3":"status-publish","4":"format-standard","5":"has-post-thumbnail","7":"category-regionales"},"_links":{"self":[{"href":"https:\/\/infovera.com.ar\/web\/wp-json\/wp\/v2\/posts\/66125","targetHints":{"allow":["GET"]}}],"collection":[{"href":"https:\/\/infovera.com.ar\/web\/wp-json\/wp\/v2\/posts"}],"about":[{"href":"https:\/\/infovera.com.ar\/web\/wp-json\/wp\/v2\/types\/post"}],"author":[{"embeddable":true,"href":"https:\/\/infovera.com.ar\/web\/wp-json\/wp\/v2\/users\/3"}],"replies":[{"embeddable":true,"href":"https:\/\/infovera.com.ar\/web\/wp-json\/wp\/v2\/comments?post=66125"}],"version-history":[{"count":0,"href":"https:\/\/infovera.com.ar\/web\/wp-json\/wp\/v2\/posts\/66125\/revisions"}],"wp:featuredmedia":[{"embeddable":true,"href":"https:\/\/infovera.com.ar\/web\/wp-json\/wp\/v2\/media\/66126"}],"wp:attachment":[{"href":"https:\/\/infovera.com.ar\/web\/wp-json\/wp\/v2\/media?parent=66125"}],"wp:term":[{"taxonomy":"category","embeddable":true,"href":"https:\/\/infovera.com.ar\/web\/wp-json\/wp\/v2\/categories?post=66125"},{"taxonomy":"post_tag","embeddable":true,"href":"https:\/\/infovera.com.ar\/web\/wp-json\/wp\/v2\/tags?post=66125"}],"curies":[{"name":"wp","href":"https:\/\/api.w.org\/{rel}","templated":true}]}}