{"id":66120,"date":"2025-09-10T10:52:59","date_gmt":"2025-09-10T13:52:59","guid":{"rendered":"https:\/\/infovera.com.ar\/web\/?p=66120"},"modified":"2025-09-11T13:31:49","modified_gmt":"2025-09-11T16:31:49","slug":"dia-del-maestro-en-vera-acto-oficial-con-fuerte-reclamo-docente","status":"publish","type":"post","link":"https:\/\/infovera.com.ar\/web\/2025\/09\/10\/dia-del-maestro-en-vera-acto-oficial-con-fuerte-reclamo-docente\/","title":{"rendered":"D\u00eda del Maestro en Vera: acto oficial con fuerte reclamo docente"},"content":{"rendered":"<p>La ciudad de Vera conmemor\u00f3 este mi\u00e9rcoles 10 de septiembre el D\u00eda del Maestro con un acto oficial presidido por la intendente Paula Mitre, acompa\u00f1ada por las delegadas departamentales de Amsaf\u00e9, Soledad Tedini, y de Sadop, Ver\u00f3nica Blanco, junto a otras autoridades locales, docentes y comunidad educativa.<\/p>\n<p>El discurso principal estuvo a cargo de las delegadas gremiales, quienes compartieron un mensaje cargado de reconocimiento a la tarea docente, pero tambi\u00e9n de firme denuncia hacia la situaci\u00f3n que atraviesa el sector en la provincia.<\/p>\n<p>\u201cHoy es un d\u00eda especial para reconocer y agradecer todo el trabajo que realizan los maestros y maestras cada d\u00eda \u2014expresaron\u2014. En sus manos, la sociedad delega la formaci\u00f3n de ciudadanos, modelando las mentes y los corazones de las futuras generaciones. Sin embargo, este trabajo invaluable se ve hoy amenazado\u201d.<\/p>\n<p>En ese sentido, remarcaron que la labor docente trasciende la mera transmisi\u00f3n de contenidos y que \u201crequiere entrega, valent\u00eda, compromiso y mucha responsabilidad\u201d, pero advirtieron que el contexto actual no acompa\u00f1a:<\/p>\n<p>\u201cLos maestros estamos recibiendo un ataque tras otro: difamaciones de nuestro profesionalismo, mentiras sobre nuestros sueldos, persecuci\u00f3n ideol\u00f3gica, sanci\u00f3n de leyes que perjudican a los jubilados, descuentos mal llamados solidarios y traslados truncados. Adem\u00e1s, atravesamos una profunda inestabilidad laboral por el cierre de escuelas y cargos, lo que vulnera directamente el derecho a la educaci\u00f3n de los ni\u00f1os\u201d.<\/p>\n<p>Las delegadas denunciaron que existe un \u201cplan sistem\u00e1tico para desprestigiar la labor docente\u201d por parte del gobierno provincial, pero al mismo tiempo destacaron la unidad del sector como camino de resistencia:<\/p>\n<p>\u201cNos toca celebrar nuestro d\u00eda con la convicci\u00f3n de que la lucha colectiva es la \u00fanica salida. Los maestros y profesores apuntamos a formar ciudadanos informados, cr\u00edticos y comprometidos con su comunidad y con el mundo, y esto no puede hacerse a espaldas de la realidad pol\u00edtica provincial y nacional en la que vivimos\u201d.<\/p>\n<p>El mensaje final estuvo cargado de fuerza y compromiso:<\/p>\n<p>\u201cGracias a cada docente por ser guardianes del conocimiento, defensores de la educaci\u00f3n y h\u00e9roes silenciosos de nuestra sociedad. \u00c1nimo, maestros y maestras: estamos haciendo lo que debemos hacer. Resistir, persistir, so\u00f1ar y luchar. Siempre luchar\u201d.<\/p>\n<p>El acto cerr\u00f3 con un fuerte aplauso de los presentes, en un marco donde el homenaje convivi\u00f3 con un claro posicionamiento gremial frente a las pol\u00edticas educativas actuales.<\/p>\n<p>&nbsp;<\/p>\n<p><a href=\"https:\/\/infovera.com.ar\/web\/wp-content\/uploads\/2025\/09\/4156f727-5831-4e7a-bb49-c44968f2ce7f.jpeg\"><img loading=\"lazy\" decoding=\"async\" class=\"alignleft size-full wp-image-66122\" src=\"https:\/\/infovera.com.ar\/web\/wp-content\/uploads\/2025\/09\/4156f727-5831-4e7a-bb49-c44968f2ce7f.jpeg\" alt=\"\" width=\"2744\" height=\"2056\" srcset=\"https:\/\/infovera.com.ar\/web\/wp-content\/uploads\/2025\/09\/4156f727-5831-4e7a-bb49-c44968f2ce7f.jpeg 2744w, https:\/\/infovera.com.ar\/web\/wp-content\/uploads\/2025\/09\/4156f727-5831-4e7a-bb49-c44968f2ce7f-696x521.jpeg 696w, https:\/\/infovera.com.ar\/web\/wp-content\/uploads\/2025\/09\/4156f727-5831-4e7a-bb49-c44968f2ce7f-1068x800.jpeg 1068w, https:\/\/infovera.com.ar\/web\/wp-content\/uploads\/2025\/09\/4156f727-5831-4e7a-bb49-c44968f2ce7f-561x420.jpeg 561w, https:\/\/infovera.com.ar\/web\/wp-content\/uploads\/2025\/09\/4156f727-5831-4e7a-bb49-c44968f2ce7f-80x60.jpeg 80w, https:\/\/infovera.com.ar\/web\/wp-content\/uploads\/2025\/09\/4156f727-5831-4e7a-bb49-c44968f2ce7f-265x198.jpeg 265w\" sizes=\"auto, (max-width: 2744px) 100vw, 2744px\" \/><\/a><br \/>\n<a href=\"https:\/\/infovera.com.ar\/web\/wp-content\/uploads\/2025\/09\/03284b99-fe81-4274-8631-115f8cfbf800.jpeg\"><img loading=\"lazy\" decoding=\"async\" class=\"alignleft size-full wp-image-66123\" src=\"https:\/\/infovera.com.ar\/web\/wp-content\/uploads\/2025\/09\/03284b99-fe81-4274-8631-115f8cfbf800.jpeg\" alt=\"\" width=\"4032\" height=\"3024\" srcset=\"https:\/\/infovera.com.ar\/web\/wp-content\/uploads\/2025\/09\/03284b99-fe81-4274-8631-115f8cfbf800.jpeg 4032w, https:\/\/infovera.com.ar\/web\/wp-content\/uploads\/2025\/09\/03284b99-fe81-4274-8631-115f8cfbf800-696x522.jpeg 696w, https:\/\/infovera.com.ar\/web\/wp-content\/uploads\/2025\/09\/03284b99-fe81-4274-8631-115f8cfbf800-1068x801.jpeg 1068w, https:\/\/infovera.com.ar\/web\/wp-content\/uploads\/2025\/09\/03284b99-fe81-4274-8631-115f8cfbf800-560x420.jpeg 560w, https:\/\/infovera.com.ar\/web\/wp-content\/uploads\/2025\/09\/03284b99-fe81-4274-8631-115f8cfbf800-80x60.jpeg 80w, https:\/\/infovera.com.ar\/web\/wp-content\/uploads\/2025\/09\/03284b99-fe81-4274-8631-115f8cfbf800-265x198.jpeg 265w\" sizes=\"auto, (max-width: 4032px) 100vw, 4032px\" \/><\/a><\/p>\n","protected":false},"excerpt":{"rendered":"<p>La ciudad de Vera conmemor\u00f3 este mi\u00e9rcoles 10 de septiembre el D\u00eda del Maestro con un acto oficial presidido por la intendente Paula Mitre, acompa\u00f1ada por las delegadas departamentales de Amsaf\u00e9, Soledad Tedini, y de Sadop, Ver\u00f3nica Blanco, junto a otras autoridades locales, docentes y comunidad educativa. El discurso principal estuvo a cargo de las [&hellip;]<\/p>\n","protected":false},"author":3,"featured_media":66121,"comment_status":"closed","ping_status":"closed","sticky":false,"template":"","format":"standard","meta":{"_joinchat":[],"footnotes":""},"categories":[53],"tags":[],"class_list":{"0":"post-66120","1":"post","2":"type-post","3":"status-publish","4":"format-standard","5":"has-post-thumbnail","7":"category-vera"},"_links":{"self":[{"href":"https:\/\/infovera.com.ar\/web\/wp-json\/wp\/v2\/posts\/66120","targetHints":{"allow":["GET"]}}],"collection":[{"href":"https:\/\/infovera.com.ar\/web\/wp-json\/wp\/v2\/posts"}],"about":[{"href":"https:\/\/infovera.com.ar\/web\/wp-json\/wp\/v2\/types\/post"}],"author":[{"embeddable":true,"href":"https:\/\/infovera.com.ar\/web\/wp-json\/wp\/v2\/users\/3"}],"replies":[{"embeddable":true,"href":"https:\/\/infovera.com.ar\/web\/wp-json\/wp\/v2\/comments?post=66120"}],"version-history":[{"count":0,"href":"https:\/\/infovera.com.ar\/web\/wp-json\/wp\/v2\/posts\/66120\/revisions"}],"wp:featuredmedia":[{"embeddable":true,"href":"https:\/\/infovera.com.ar\/web\/wp-json\/wp\/v2\/media\/66121"}],"wp:attachment":[{"href":"https:\/\/infovera.com.ar\/web\/wp-json\/wp\/v2\/media?parent=66120"}],"wp:term":[{"taxonomy":"category","embeddable":true,"href":"https:\/\/infovera.com.ar\/web\/wp-json\/wp\/v2\/categories?post=66120"},{"taxonomy":"post_tag","embeddable":true,"href":"https:\/\/infovera.com.ar\/web\/wp-json\/wp\/v2\/tags?post=66120"}],"curies":[{"name":"wp","href":"https:\/\/api.w.org\/{rel}","templated":true}]}}