{"id":66114,"date":"2025-09-10T10:22:21","date_gmt":"2025-09-10T13:22:21","guid":{"rendered":"https:\/\/infovera.com.ar\/web\/?p=66114"},"modified":"2025-09-10T18:14:20","modified_gmt":"2025-09-10T21:14:20","slug":"ciclo-de-formacion-me-recibi-ahora-que-hago","status":"publish","type":"post","link":"https:\/\/infovera.com.ar\/web\/2025\/09\/10\/ciclo-de-formacion-me-recibi-ahora-que-hago\/","title":{"rendered":"Ciclo de formaci\u00f3n: &#8220;Me recib\u00ed \u00bfahora qu\u00e9 hago?&#8221;"},"content":{"rendered":"<p><strong>En el Colegio Superior N\u00b0 42, AMSAFE realiz\u00f3 un ciclo de formaci\u00f3n para los \u00faltimos a\u00f1os de las diferentes carreras del instituto.<\/strong><\/p>\n<p>Con la disertaci\u00f3n del delegado del departamento General Obligado Edgardo Cretaz comenz\u00f3 la formaci\u00f3n.<\/p>\n<p>Adem\u00e1s disertaron Rosana Sartor y Gabriela Sandrigo de la comisi\u00f3n provincial de amsafe.<\/p>\n<p>Desde la delegaci\u00f3n Vera participaron con sus aportes la delegada seccional Soledad Tedini, la delegada adjunta Marita Wekid y Mariela Senn de la secretaria gremial.<\/p>\n","protected":false},"excerpt":{"rendered":"<p>En el Colegio Superior N\u00b0 42, AMSAFE realiz\u00f3 un ciclo de formaci\u00f3n para los \u00faltimos a\u00f1os de las diferentes carreras del instituto. Con la disertaci\u00f3n del delegado del departamento General Obligado Edgardo Cretaz comenz\u00f3 la formaci\u00f3n. Adem\u00e1s disertaron Rosana Sartor y Gabriela Sandrigo de la comisi\u00f3n provincial de amsafe. Desde la delegaci\u00f3n Vera participaron con [&hellip;]<\/p>\n","protected":false},"author":3,"featured_media":66115,"comment_status":"closed","ping_status":"closed","sticky":false,"template":"","format":"standard","meta":{"_joinchat":[],"footnotes":""},"categories":[39,53],"tags":[],"class_list":{"0":"post-66114","1":"post","2":"type-post","3":"status-publish","4":"format-standard","5":"has-post-thumbnail","7":"category-educacion","8":"category-vera"},"_links":{"self":[{"href":"https:\/\/infovera.com.ar\/web\/wp-json\/wp\/v2\/posts\/66114","targetHints":{"allow":["GET"]}}],"collection":[{"href":"https:\/\/infovera.com.ar\/web\/wp-json\/wp\/v2\/posts"}],"about":[{"href":"https:\/\/infovera.com.ar\/web\/wp-json\/wp\/v2\/types\/post"}],"author":[{"embeddable":true,"href":"https:\/\/infovera.com.ar\/web\/wp-json\/wp\/v2\/users\/3"}],"replies":[{"embeddable":true,"href":"https:\/\/infovera.com.ar\/web\/wp-json\/wp\/v2\/comments?post=66114"}],"version-history":[{"count":0,"href":"https:\/\/infovera.com.ar\/web\/wp-json\/wp\/v2\/posts\/66114\/revisions"}],"wp:featuredmedia":[{"embeddable":true,"href":"https:\/\/infovera.com.ar\/web\/wp-json\/wp\/v2\/media\/66115"}],"wp:attachment":[{"href":"https:\/\/infovera.com.ar\/web\/wp-json\/wp\/v2\/media?parent=66114"}],"wp:term":[{"taxonomy":"category","embeddable":true,"href":"https:\/\/infovera.com.ar\/web\/wp-json\/wp\/v2\/categories?post=66114"},{"taxonomy":"post_tag","embeddable":true,"href":"https:\/\/infovera.com.ar\/web\/wp-json\/wp\/v2\/tags?post=66114"}],"curies":[{"name":"wp","href":"https:\/\/api.w.org\/{rel}","templated":true}]}}