{"id":66107,"date":"2025-09-09T13:05:05","date_gmt":"2025-09-09T16:05:05","guid":{"rendered":"https:\/\/infovera.com.ar\/web\/?p=66107"},"modified":"2025-09-09T13:05:05","modified_gmt":"2025-09-09T16:05:05","slug":"se-acerca-la-inscripcion-para-la-ayuda-escolar-2026-de-upcn","status":"publish","type":"post","link":"https:\/\/infovera.com.ar\/web\/2025\/09\/09\/se-acerca-la-inscripcion-para-la-ayuda-escolar-2026-de-upcn\/","title":{"rendered":"Se acerca la inscripci\u00f3n para la Ayuda Escolar 2026 de UPCN"},"content":{"rendered":"<p><strong>Del 15 de septiembre al 17 de octubre, UPCN abre la inscripci\u00f3n para la Ayuda Escolar 2026.<\/strong><\/p>\n<p>Beneficio gratuito para hijos:<\/p>\n<p>Equipo de gimnasia<br \/>\nZapatillas<br \/>\nSet de \u00fatiles escolares<\/p>\n<p>Inscribite EXCLUSIVAMENTE en: <a href=\"http:\/\/www.upcnsfe.com.ar\">www.upcnsfe.com.ar<\/a><\/p>\n<p>Record\u00e1: en casos de discapacidad o hijos mayores de 18 a\u00f1os, la inscripci\u00f3n es presencial o por mail a accionsocial@upcnsfe.org.ar<\/p>\n<p><strong>Consultas: 0800 888 6248 (Int. 113\/118)<\/strong><br \/>\n<strong>WhatsApp: 342 4 486 011<\/strong><\/p>\n<p>\u00a1No te quedes afuera, inscribite a tiempo!<\/p>\n","protected":false},"excerpt":{"rendered":"<p>Del 15 de septiembre al 17 de octubre, UPCN abre la inscripci\u00f3n para la Ayuda Escolar 2026. Beneficio gratuito para hijos: Equipo de gimnasia Zapatillas Set de \u00fatiles escolares Inscribite EXCLUSIVAMENTE en: www.upcnsfe.com.ar Record\u00e1: en casos de discapacidad o hijos mayores de 18 a\u00f1os, la inscripci\u00f3n es presencial o por mail a accionsocial@upcnsfe.org.ar Consultas: 0800 [&hellip;]<\/p>\n","protected":false},"author":3,"featured_media":66108,"comment_status":"closed","ping_status":"closed","sticky":false,"template":"","format":"standard","meta":{"_joinchat":[],"footnotes":""},"categories":[27,60],"tags":[],"class_list":{"0":"post-66107","1":"post","2":"type-post","3":"status-publish","4":"format-standard","5":"has-post-thumbnail","7":"category-gremiales","8":"category-provinciales"},"_links":{"self":[{"href":"https:\/\/infovera.com.ar\/web\/wp-json\/wp\/v2\/posts\/66107","targetHints":{"allow":["GET"]}}],"collection":[{"href":"https:\/\/infovera.com.ar\/web\/wp-json\/wp\/v2\/posts"}],"about":[{"href":"https:\/\/infovera.com.ar\/web\/wp-json\/wp\/v2\/types\/post"}],"author":[{"embeddable":true,"href":"https:\/\/infovera.com.ar\/web\/wp-json\/wp\/v2\/users\/3"}],"replies":[{"embeddable":true,"href":"https:\/\/infovera.com.ar\/web\/wp-json\/wp\/v2\/comments?post=66107"}],"version-history":[{"count":0,"href":"https:\/\/infovera.com.ar\/web\/wp-json\/wp\/v2\/posts\/66107\/revisions"}],"wp:featuredmedia":[{"embeddable":true,"href":"https:\/\/infovera.com.ar\/web\/wp-json\/wp\/v2\/media\/66108"}],"wp:attachment":[{"href":"https:\/\/infovera.com.ar\/web\/wp-json\/wp\/v2\/media?parent=66107"}],"wp:term":[{"taxonomy":"category","embeddable":true,"href":"https:\/\/infovera.com.ar\/web\/wp-json\/wp\/v2\/categories?post=66107"},{"taxonomy":"post_tag","embeddable":true,"href":"https:\/\/infovera.com.ar\/web\/wp-json\/wp\/v2\/tags?post=66107"}],"curies":[{"name":"wp","href":"https:\/\/api.w.org\/{rel}","templated":true}]}}