{"id":66090,"date":"2025-09-09T10:00:25","date_gmt":"2025-09-09T13:00:25","guid":{"rendered":"https:\/\/infovera.com.ar\/web\/?p=66090"},"modified":"2025-09-10T10:36:54","modified_gmt":"2025-09-10T13:36:54","slug":"guillermina-oggero-de-vera-fue-elegida-para-representar-a-corrientes-en-el-carnaval-de-rio","status":"publish","type":"post","link":"https:\/\/infovera.com.ar\/web\/2025\/09\/09\/guillermina-oggero-de-vera-fue-elegida-para-representar-a-corrientes-en-el-carnaval-de-rio\/","title":{"rendered":"Guillermina Oggero, de Vera, fue elegida para representar a Corrientes en el Carnaval de R\u00edo"},"content":{"rendered":"<p><strong>La Municipalidad de Corrientes se enorgulleci\u00f3 de anunciar el \u00e9xito del reciente Workshop de Samba, un evento que no solo capacit\u00f3 a miles de artistas locales y de la regi\u00f3n, sino que tambi\u00e9n abrir\u00e1 las puertas del ic\u00f3nico Carnaval de R\u00edo de Janeiro para un correntino y una verense.<\/strong><\/p>\n<p>El evento, organizado en colaboraci\u00f3n con Cheiro de Samba, reuni\u00f3 a m\u00e1s de 1000 bailarines y 200 &#8220;pasistas&#8221; que tuvieron la oportunidad de aprender de la mano de grandes referentes del Carnaval de R\u00edo. La jornada, descrita por los organizadores como un d\u00eda &#8220;lleno de m\u00fasica, alegr\u00eda y mucho samba&#8221;, busc\u00f3 perfeccionar las habilidades de los artistas locales y fortalecer la tradici\u00f3n del carnaval.<\/p>\n<p>Como resultado de la capacitaci\u00f3n, Franco Espinoza y Guillermina Oggero fueron seleccionados para viajar al famoso Carnaval de R\u00edo. Este logro no solo representa un hito personal para ambos artistas, sino que tambi\u00e9n consolida el estatus de Corrientes como la Capital Nacional del Carnaval.<\/p>\n<p>La Municipalidad de Corrientes destac\u00f3 su compromiso de seguir apoyando eventos que contribuyan al desarrollo cultural y al perfeccionamiento de los artistas de la regi\u00f3n, y celebr\u00f3 el intercambio que permite que el talento correntino brille en escenarios internacionales.<\/p>\n","protected":false},"excerpt":{"rendered":"<p>La Municipalidad de Corrientes se enorgulleci\u00f3 de anunciar el \u00e9xito del reciente Workshop de Samba, un evento que no solo capacit\u00f3 a miles de artistas locales y de la regi\u00f3n, sino que tambi\u00e9n abrir\u00e1 las puertas del ic\u00f3nico Carnaval de R\u00edo de Janeiro para un correntino y una verense. El evento, organizado en colaboraci\u00f3n con [&hellip;]<\/p>\n","protected":false},"author":3,"featured_media":66091,"comment_status":"closed","ping_status":"closed","sticky":false,"template":"","format":"standard","meta":{"_joinchat":[],"footnotes":""},"categories":[40,53],"tags":[],"class_list":{"0":"post-66090","1":"post","2":"type-post","3":"status-publish","4":"format-standard","5":"has-post-thumbnail","7":"category-cultura","8":"category-vera"},"_links":{"self":[{"href":"https:\/\/infovera.com.ar\/web\/wp-json\/wp\/v2\/posts\/66090","targetHints":{"allow":["GET"]}}],"collection":[{"href":"https:\/\/infovera.com.ar\/web\/wp-json\/wp\/v2\/posts"}],"about":[{"href":"https:\/\/infovera.com.ar\/web\/wp-json\/wp\/v2\/types\/post"}],"author":[{"embeddable":true,"href":"https:\/\/infovera.com.ar\/web\/wp-json\/wp\/v2\/users\/3"}],"replies":[{"embeddable":true,"href":"https:\/\/infovera.com.ar\/web\/wp-json\/wp\/v2\/comments?post=66090"}],"version-history":[{"count":0,"href":"https:\/\/infovera.com.ar\/web\/wp-json\/wp\/v2\/posts\/66090\/revisions"}],"wp:featuredmedia":[{"embeddable":true,"href":"https:\/\/infovera.com.ar\/web\/wp-json\/wp\/v2\/media\/66091"}],"wp:attachment":[{"href":"https:\/\/infovera.com.ar\/web\/wp-json\/wp\/v2\/media?parent=66090"}],"wp:term":[{"taxonomy":"category","embeddable":true,"href":"https:\/\/infovera.com.ar\/web\/wp-json\/wp\/v2\/categories?post=66090"},{"taxonomy":"post_tag","embeddable":true,"href":"https:\/\/infovera.com.ar\/web\/wp-json\/wp\/v2\/tags?post=66090"}],"curies":[{"name":"wp","href":"https:\/\/api.w.org\/{rel}","templated":true}]}}