{"id":66084,"date":"2025-09-08T21:55:59","date_gmt":"2025-09-09T00:55:59","guid":{"rendered":"https:\/\/infovera.com.ar\/web\/?p=66084"},"modified":"2025-09-08T21:55:59","modified_gmt":"2025-09-09T00:55:59","slug":"la-provincia-incorpora-105-mediadores-al-sistema-judicial","status":"publish","type":"post","link":"https:\/\/infovera.com.ar\/web\/2025\/09\/08\/la-provincia-incorpora-105-mediadores-al-sistema-judicial\/","title":{"rendered":"La Provincia incorpora 105 mediadores al sistema judicial"},"content":{"rendered":"<p>El Gobierno de la provincia, a trav\u00e9s del Ministerio de Justicia y Seguridad, entreg\u00f3 matr\u00edculas y certificados a los nuevos mediadores del sistema judicial santafesino. Tambi\u00e9n otorg\u00f3 diplomas de reconocimiento a abogados que realizan patrocinio gratuito, en apoyo a personas que no pueden afrontar los costos de la asistencia legal.<\/p>\n<p>En esta oportunidad se incorporaron 70 mediadores en el sur provincial y 35 en la zona centro-norte, que se suman a los 1.600 profesionales que actualmente se desempe\u00f1an en las 36 sedes de mediaci\u00f3n distribuidas en todo el territorio.<\/p>\n<p>El director provincial de Mediaci\u00f3n, Marcelo Garc\u00eda, destac\u00f3 que \u201cel mediador trabaja en la resoluci\u00f3n pac\u00edfica de los conflictos. Se prepara para actuar en ese terreno y cuenta con un kit de herramientas que le permite acercar a las partes y facilitar un entendimiento o una soluci\u00f3n\u201d.<\/p>\n<p>A\u00f1adi\u00f3 que la mediaci\u00f3n implica \u201cuna terceridad\u201d. \u201cSiempre que hay dos personas enfrentadas resulta muy dif\u00edcil que se pongan de acuerdo; en cambio, cuando interviene un mediador, aparece la posibilidad de entenderse y alcanzar un acuerdo. El mediador aporta las herramientas necesarias para lograr ese acercamiento y la conciliaci\u00f3n\u201d, se\u00f1al\u00f3 Garc\u00eda.<img decoding=\"async\" class=\"CToWUd a6T\" tabindex=\"0\" src=\"https:\/\/ci3.googleusercontent.com\/meips\/ADKq_NZq5syz2121i7o_SVxuJe6Jc3ZPkkD39AWZ8_oVKNFTSRQ3ZOuMd9Q-1g1tHWcgUS6LwkzZ9QkVF6La5b0lB3gKE9qU2284qHJRzdSxISWU_HG9S8JoZp8NX9vXy1uFch3igUmtQQUKbXP10YA=s0-d-e1-ft#https:\/\/www.santafe.gov.ar\/noticias\/recursos\/fotos\/2025\/09\/2025-09-08NID_284023O_2.jpeg\" alt=\"\" data-bit=\"iit\" \/><\/p>\n<p><strong>Formaci\u00f3n continua<\/strong><\/p>\n<p>Las autoridades de la Secretar\u00eda de Justicia explicaron que el sistema de capacitaci\u00f3n funciona como un proyecto de formaci\u00f3n permanente. Comienza con una etapa b\u00e1sica, que dura entre 12 y 15 meses, y luego los profesionales deben acreditar 60 horas de trabajo cada dos a\u00f1os como requisito para reempadronarse.<\/p>\n<p><strong>Impacto en el sistema judicial<\/strong><\/p>\n<p>Respecto del aporte que significa el trabajo de los mediadores en los tiempos de los procesos, Garc\u00eda indic\u00f3: \u201cEn Santa Fe, la mediaci\u00f3n alcanza hoy un 28 % de acuerdos antes de llegar a juicio. Pero si a ese porcentaje le sumamos los que desisten, los que caducan y los que, no habiendo acordado, tampoco contin\u00faan el proceso judicial por distintos motivos, estamos en m\u00e1s del 40 % de casos que la justicia no atiende. Es decir, sin la mediaci\u00f3n, hoy la justicia necesitar\u00eda casi el doble de jueces, fiscales y secretarios. La mediaci\u00f3n es una herramienta inmediata para la eficacia del sistema judicial\u201d.<img decoding=\"async\" class=\"CToWUd a6T\" tabindex=\"0\" src=\"https:\/\/ci3.googleusercontent.com\/meips\/ADKq_NZDeqar1qAVz1IOeDH4PZHC6mdd-4ruok_svg46AFOvLgjcCNympydyEdoShV6dUeyA1Z_6bkaNWFyEHRjSPPfSS2mMsBjmIdOi7WiF-JvN8UQjTEXnGa42LftKQy-MXwP4pRmb54hAYZ7bmtU=s0-d-e1-ft#https:\/\/www.santafe.gov.ar\/noticias\/recursos\/fotos\/2025\/09\/2025-09-08NID_284023O_3.jpeg\" alt=\"\" data-bit=\"iit\" \/><\/p>\n<p><strong>Mediadores comunitarios<\/strong><\/p>\n<p>Finalmente, Garc\u00eda remarc\u00f3 que el mediador tambi\u00e9n act\u00faa como facilitador comunitario, con un rol preventivo en distintos \u00e1mbitos: el deporte, la salud, la educaci\u00f3n, los barrios y los organismos de atenci\u00f3n al p\u00fablico.<\/p>\n<p>En esa l\u00ednea, subray\u00f3 que \u201clos mediadores-facilitadores comunitarios tambi\u00e9n est\u00e1n trabajando con los cuerpos de seguridad, con el sistema penitenciario y con el policial. En esta primera etapa, el \u00e9nfasis est\u00e1 puesto en el sistema penitenciario, asistiendo a personas en situaci\u00f3n de encierro, que cargan con una energ\u00eda y una violencia muy particular. El mediador comunitario necesita prepararse, comprender y empezar a desarmar los nudos del conflicto para llegar a una resoluci\u00f3n pac\u00edfica\u201d.<\/p>\n","protected":false},"excerpt":{"rendered":"<p>El Gobierno de la provincia, a trav\u00e9s del Ministerio de Justicia y Seguridad, entreg\u00f3 matr\u00edculas y certificados a los nuevos mediadores del sistema judicial santafesino. Tambi\u00e9n otorg\u00f3 diplomas de reconocimiento a abogados que realizan patrocinio gratuito, en apoyo a personas que no pueden afrontar los costos de la asistencia legal. En esta oportunidad se incorporaron [&hellip;]<\/p>\n","protected":false},"author":3,"featured_media":66085,"comment_status":"closed","ping_status":"closed","sticky":false,"template":"","format":"standard","meta":{"_joinchat":[],"footnotes":""},"categories":[60],"tags":[],"class_list":{"0":"post-66084","1":"post","2":"type-post","3":"status-publish","4":"format-standard","5":"has-post-thumbnail","7":"category-provinciales"},"_links":{"self":[{"href":"https:\/\/infovera.com.ar\/web\/wp-json\/wp\/v2\/posts\/66084","targetHints":{"allow":["GET"]}}],"collection":[{"href":"https:\/\/infovera.com.ar\/web\/wp-json\/wp\/v2\/posts"}],"about":[{"href":"https:\/\/infovera.com.ar\/web\/wp-json\/wp\/v2\/types\/post"}],"author":[{"embeddable":true,"href":"https:\/\/infovera.com.ar\/web\/wp-json\/wp\/v2\/users\/3"}],"replies":[{"embeddable":true,"href":"https:\/\/infovera.com.ar\/web\/wp-json\/wp\/v2\/comments?post=66084"}],"version-history":[{"count":0,"href":"https:\/\/infovera.com.ar\/web\/wp-json\/wp\/v2\/posts\/66084\/revisions"}],"wp:featuredmedia":[{"embeddable":true,"href":"https:\/\/infovera.com.ar\/web\/wp-json\/wp\/v2\/media\/66085"}],"wp:attachment":[{"href":"https:\/\/infovera.com.ar\/web\/wp-json\/wp\/v2\/media?parent=66084"}],"wp:term":[{"taxonomy":"category","embeddable":true,"href":"https:\/\/infovera.com.ar\/web\/wp-json\/wp\/v2\/categories?post=66084"},{"taxonomy":"post_tag","embeddable":true,"href":"https:\/\/infovera.com.ar\/web\/wp-json\/wp\/v2\/tags?post=66084"}],"curies":[{"name":"wp","href":"https:\/\/api.w.org\/{rel}","templated":true}]}}