{"id":66079,"date":"2025-09-08T17:30:18","date_gmt":"2025-09-08T20:30:18","guid":{"rendered":"https:\/\/infovera.com.ar\/web\/?p=66079"},"modified":"2025-09-10T10:37:23","modified_gmt":"2025-09-10T13:37:23","slug":"violento-hecho-de-inseguridad-en-vera-una-mujer-de-85-anos-fue-enganada-y-golpeada","status":"publish","type":"post","link":"https:\/\/infovera.com.ar\/web\/2025\/09\/08\/violento-hecho-de-inseguridad-en-vera-una-mujer-de-85-anos-fue-enganada-y-golpeada\/","title":{"rendered":"Violento hecho de inseguridad en Vera: una mujer de 85 a\u00f1os fue enga\u00f1ada y golpeada"},"content":{"rendered":"<p><strong>Un grave hecho de inseguridad ocurri\u00f3 en la noche del domingo en la ciudad de Vera.<\/strong><\/p>\n<p>Una mujer de 85 a\u00f1os, viuda y residente en calle Buenos Aires, entre Lavalle y Urquiza, fue v\u00edctima de un violento ataque luego de que un hombre golpeara la puerta de su casa y se hiciera pasar por su nieto.<\/p>\n<p>Al abrirle, el delincuente -descripto como &#8220;un gordito&#8221;- la sorprendi\u00f3 pidi\u00e9ndole dinero y, al no obtenerlo, la golpe\u00f3 brutalmente. <strong>La v\u00edctima qued\u00f3 con lesiones y sufri\u00f3 un ataque de nervios, por lo que debi\u00f3 ser trasladada de urgencia al Hospital local, donde permanece internada en observaci\u00f3n.<\/strong><\/p>\n<p>El hecho ocurri\u00f3 pasadas las 20 horas y gener\u00f3 preocupaci\u00f3n en el barrio. La Polic\u00eda de Investigaciones (PDI) trabaja en la recolecci\u00f3n de pruebas y testimonios para dar con el responsable.<\/p>\n","protected":false},"excerpt":{"rendered":"<p>Un grave hecho de inseguridad ocurri\u00f3 en la noche del domingo en la ciudad de Vera. Una mujer de 85 a\u00f1os, viuda y residente en calle Buenos Aires, entre Lavalle y Urquiza, fue v\u00edctima de un violento ataque luego de que un hombre golpeara la puerta de su casa y se hiciera pasar por su [&hellip;]<\/p>\n","protected":false},"author":3,"featured_media":66080,"comment_status":"closed","ping_status":"closed","sticky":false,"template":"","format":"standard","meta":{"_joinchat":[],"footnotes":""},"categories":[30,53],"tags":[],"class_list":{"0":"post-66079","1":"post","2":"type-post","3":"status-publish","4":"format-standard","5":"has-post-thumbnail","7":"category-policiales","8":"category-vera"},"_links":{"self":[{"href":"https:\/\/infovera.com.ar\/web\/wp-json\/wp\/v2\/posts\/66079","targetHints":{"allow":["GET"]}}],"collection":[{"href":"https:\/\/infovera.com.ar\/web\/wp-json\/wp\/v2\/posts"}],"about":[{"href":"https:\/\/infovera.com.ar\/web\/wp-json\/wp\/v2\/types\/post"}],"author":[{"embeddable":true,"href":"https:\/\/infovera.com.ar\/web\/wp-json\/wp\/v2\/users\/3"}],"replies":[{"embeddable":true,"href":"https:\/\/infovera.com.ar\/web\/wp-json\/wp\/v2\/comments?post=66079"}],"version-history":[{"count":0,"href":"https:\/\/infovera.com.ar\/web\/wp-json\/wp\/v2\/posts\/66079\/revisions"}],"wp:featuredmedia":[{"embeddable":true,"href":"https:\/\/infovera.com.ar\/web\/wp-json\/wp\/v2\/media\/66080"}],"wp:attachment":[{"href":"https:\/\/infovera.com.ar\/web\/wp-json\/wp\/v2\/media?parent=66079"}],"wp:term":[{"taxonomy":"category","embeddable":true,"href":"https:\/\/infovera.com.ar\/web\/wp-json\/wp\/v2\/categories?post=66079"},{"taxonomy":"post_tag","embeddable":true,"href":"https:\/\/infovera.com.ar\/web\/wp-json\/wp\/v2\/tags?post=66079"}],"curies":[{"name":"wp","href":"https:\/\/api.w.org\/{rel}","templated":true}]}}