{"id":66075,"date":"2025-09-08T14:14:39","date_gmt":"2025-09-08T17:14:39","guid":{"rendered":"https:\/\/infovera.com.ar\/web\/?p=66075"},"modified":"2025-09-08T14:15:51","modified_gmt":"2025-09-08T17:15:51","slug":"expo-rural-de-vera-reconocimiento-a-las-obras-viales-y-preocupacion-por-el-aumento-del-abigeato","status":"publish","type":"post","link":"https:\/\/infovera.com.ar\/web\/2025\/09\/08\/expo-rural-de-vera-reconocimiento-a-las-obras-viales-y-preocupacion-por-el-aumento-del-abigeato\/","title":{"rendered":"Expo Rural de Vera: reconocimiento de las obras viales y preocupaci\u00f3n por el aumento del abigeato"},"content":{"rendered":"<p><strong>Un programa muy atractivo y gran apoyo empresarial dieron el marco propicio para que el p\u00fablico de la regi\u00f3n vuelva a disfrutar de este gran evento que identifica a los verenses.\u00a0<\/strong><\/p>\n<p>El programa incluy\u00f3, entre otras atracciones, pruebas de destreza criolla, desfile de Agrupaciones Gauchas, show musicales y el remate de reproductores, a cargo de Ganaderos de Ceres, en un clima de gran entusiasmo donde se pagaron $ 12 millones por el toro campe\u00f3n Braford, presentado por caba\u00f1a \u201cEl Aljibe\u201d.<\/p>\n<p>En el acto inaugural, el vicepresidente de la SRV, Dr. Sebasti\u00e1n Volkart comenz\u00f3 su discurso diciendo que \u201csentimos un enorme orgullo y una profunda satisfacci\u00f3n al inaugurar esta\u00a075\u00aa Exposici\u00f3n de Ganader\u00eda, Granja, Comercio e Industria, en coincidencia con los\u00a084 a\u00f1os de vida de nuestra instituci\u00f3n, siempre comprometida con el desarrollo del norte santafesino\u201d.<\/p>\n<p>Reconoci\u00f3 \u201clos esfuerzos del gobierno por encauzar la econom\u00eda, pero\u00a0la previsibilidad es condici\u00f3n indispensable para producir&#8221;. &#8220;Celebramos las pol\u00edticas de desregulaci\u00f3n y desburocratizaci\u00f3n, pero reclamamos que los\u00a0impuestos, contribuciones y tasas vuelvan a su destino original\u00a0y no se diluyen en otros fines pero podemos dejar de se\u00f1alar nuestra preocupaci\u00f3n por la situaci\u00f3n de organismos clave como\u00a0INTA y SENASA. El campo necesita instituciones presentes en el territorio, acompa\u00f1ando al productor en cada rinc\u00f3n del interior\u201d.<\/p>\n<p>A pesar de las falencias, tambi\u00e9n celebramos avances \u2013dijo- la culminaci\u00f3n de la pavimentaci\u00f3n de la Ruta 3 es un logro hist\u00f3rico y en este sentido, vale recordar las palabras expresadas all\u00e1 por el a\u00f1o 2005 por el Dr.\u00a0 Mario Saliva: \u201cNing\u00fan dirigente o pol\u00edtico puede atribuirse el logro de la Ruta 3, puesto que el \u00e9xito ha sido de toda la comunidad y de nadie en particular.\u201d <strong>\u201cPero la paradoja es que, mientras inauguramos la obra, ya reclamamos un plan de bacheo urgente: no podemos permitir que se deteriore en pocos meses lo que cost\u00f3 m\u00e1s de 20 a\u00f1os conseguir.<\/strong><\/p>\n<p><strong>&#8220;Otro tema que nos preocupa es la seguridad rural. Los casos de abigeato han crecido, cada vez son m\u00e1s las denuncias y el malestar de los productores<\/strong> y, aunque valoramos el trabajo de la Guardia Rural Los Pumas, necesitamos que se refuerce su presencia, se la dote de recursos y se avance en la creaci\u00f3n de una fiscal\u00eda especializada en delitos rurales&#8221;.<\/p>\n<p>Respecto a la\u00a0tasa por hect\u00e1rea, seguimos recibiendo reclamos: los productores pagan, pero no ven mejoras en los caminos. Y muchas veces los intereses por atrasos son tan desproporcionados que terminan castigando al productor en vez de acompa\u00f1arlo<\/p>\n<p>\u201cHace un a\u00f1o habl\u00e1bamos de la sequ\u00eda que a\u00fan castiga a partes de nuestro departamento. Esa crisis volvi\u00f3 a mostrar las\u00a0limitaciones de nuestros gobiernos\u00a0frente a problemas estructurales que se repiten: la falta de infraestructura h\u00eddrica y vial\u201d, agreg\u00f3.<\/p>\n<p>Con relaci\u00f3n a la Asociaci\u00f3n para el Desarrollo expres\u00f3 que \u201cdesde nuestra instituci\u00f3n venimos peleando para poner en marcha dicha agencia, pero lamentablemente nos fuimos encontrando con un sin n\u00fameros de respuestas negativas que dejaron al desnudo la inoperancia de funcionarios que parecer\u00eda no querer entender de lo importante de tener una entidad activa y trasparente\u201d.<\/p>\n<p>\u201cQueremos decirle p\u00fablicamente a la dirigencia pol\u00edtica que hoy tiene la lapicera y la caja que estamos dispuestos a formar parte como Adherentes como as\u00ed\u00a0 tambi\u00e9n mantenemos vigente la oferta de proporcionarles una oficina estrat\u00e9gica en nuestra sede\u201d, remarc\u00f3.<\/p>\n<p>Tambi\u00e9n destac\u00f3 el\u00a0trabajo conjunto\u00a0con la Municipalidad de Vera,\u00a0que permiti\u00f3 completar la segunda etapa del alumbrado p\u00fablico y el ripiado de la calle Sambarino, un proyecto p\u00fablico-privado que muestra que, cuando se unen esfuerzos, se logran resultados concretos para la comunidad.<\/p>\n<p>Finalmente agradeci\u00f3 a los Ateneos de las Sociedades Rurales de la regi\u00f3n, que frente a la cat\u00e1strofe ocasionada por las intensas lluvias de m\u00e1s de 400 mm en nuestra ciudad y alrededores, estuvieron presentes desde el primer momento con su ayuda y donaciones.<\/p>\n<p>P\u00e1rrafo de gratitud para la\u00a0joven y comprometida comisi\u00f3n directiva, que sostiene el d\u00eda a d\u00eda esta instituci\u00f3n, al\u00a0Ateneo Juvenil, por su empuje y entusiasmo, a los\u00a0expositores y caba\u00f1eros, por confiar en nuestra muestra y traer sus mejores ejemplares y a la firma consignataria\u00a0Ganaderos de Ceres, por su acompa\u00f1amiento y profesionalismo.<\/p>\n<p><strong>Por su parte, el vicepresidente de Carsfe, Juan Priotti pidi\u00f3 a los pol\u00edticos \u201cque se dejen ayudar porque \u201cnuestro aporte no es solo la cr\u00edtica sino tambi\u00e9n son propuestas para que nos vaya bien a todos porque nadie se salva solo\u201d.<\/strong><\/p>\n<p>\u201cQue los pol\u00edticos se queden tranquilos porque si nosotros producimos habr\u00e1 m\u00e1s dinero para pagar impuestos y el gobierno podr\u00e1 disponer los fondos para hacer obras y mucho m\u00e1s\u201d, remarc\u00f3.<\/p>\n<p>Finalmente, el director de Ganader\u00eda y Sanidad Animal Facundo M\u00e9ndez, en nombre del gobierno provincial, enumer\u00f3 las obras ejecutadas y en marcha en el norte.<\/p>\n<p>Dijo tambi\u00e9n que \u201cdebemos desarrollar el potencial que tiene nuestra provincia y para ello el gobierno ha implementado algunas alianzas estrat\u00e9gicas con algunas provincias que tienen los mismos problemas y enfrentan los mismos desaf\u00edos\u201d.<\/p>\n<p><strong>Se comprometi\u00f3 en \u201cvolver a poner en agenda el plan director de los Bajos Submeridionales, pero siempre teniendo en cuenta el contexto econ\u00f3mico y pol\u00edtico ante el olvido del gobierno nacional que nos dej\u00f3 sin obra p\u00fablica\u201d.<\/strong><\/p>\n<p>No obstante adelant\u00f3 que en materia ganadera \u201clas perspectivas son muy buenas por los precios en alza y la apertura de mercados cada vez m\u00e1s exigentes\u201d.<\/p>\n<p>Felicit\u00f3 a la SRV, a los caba\u00f1eros y empresarios que\u201d lograron organizar una vez m\u00e1s una excelente muestra\u201d.<\/p>\n<p>La Exposici\u00f3n, declarada de inter\u00e9s por el Concejo Municipal, la C\u00e1mara de Senadores y Diputados, cont\u00f3 con la presencia de la intendente Municipal Paula Mitre, el Cura P\u00e1rroco Carlos Degiusti, el diputado Sergio Rojas, el subjefe de la UR XIX Dar\u00edo Lacuadra, el oficial Dar\u00edo Bled por la Guardia Rural Los Pumas, miembros del gabinete y Concejo Municipal, el CPN Marcelo Boyeras por el Senador Osvaldo Sosa e invitados especiales.<\/p>\n<p>Las Agrupaciones Gauchas, que previamente desfilaron por las calles de la ciudad, pusieron su nota de color y la participaci\u00f3n de la Banda de M\u00fasica \u201cPucar\u00e1\u201d de la III Brigada A\u00e9rea de Reconquista, dirigida por el 1er. Tte. Ezequiel Vega, le dio el marco musical adecuado a esta fiesta que ya es tradicional en la regi\u00f3n.<\/p>\n<p>Letyana Press<\/p>\n","protected":false},"excerpt":{"rendered":"<p>Un programa muy atractivo y gran apoyo empresarial dieron el marco propicio para que el p\u00fablico de la regi\u00f3n vuelva a disfrutar de este gran evento que identifica a los verenses.\u00a0 El programa incluy\u00f3, entre otras atracciones, pruebas de destreza criolla, desfile de Agrupaciones Gauchas, show musicales y el remate de reproductores, a cargo de [&hellip;]<\/p>\n","protected":false},"author":3,"featured_media":66076,"comment_status":"closed","ping_status":"closed","sticky":false,"template":"","format":"standard","meta":{"_joinchat":[],"footnotes":""},"categories":[48,53],"tags":[],"class_list":{"0":"post-66075","1":"post","2":"type-post","3":"status-publish","4":"format-standard","5":"has-post-thumbnail","7":"category-produccion","8":"category-vera"},"_links":{"self":[{"href":"https:\/\/infovera.com.ar\/web\/wp-json\/wp\/v2\/posts\/66075","targetHints":{"allow":["GET"]}}],"collection":[{"href":"https:\/\/infovera.com.ar\/web\/wp-json\/wp\/v2\/posts"}],"about":[{"href":"https:\/\/infovera.com.ar\/web\/wp-json\/wp\/v2\/types\/post"}],"author":[{"embeddable":true,"href":"https:\/\/infovera.com.ar\/web\/wp-json\/wp\/v2\/users\/3"}],"replies":[{"embeddable":true,"href":"https:\/\/infovera.com.ar\/web\/wp-json\/wp\/v2\/comments?post=66075"}],"version-history":[{"count":0,"href":"https:\/\/infovera.com.ar\/web\/wp-json\/wp\/v2\/posts\/66075\/revisions"}],"wp:featuredmedia":[{"embeddable":true,"href":"https:\/\/infovera.com.ar\/web\/wp-json\/wp\/v2\/media\/66076"}],"wp:attachment":[{"href":"https:\/\/infovera.com.ar\/web\/wp-json\/wp\/v2\/media?parent=66075"}],"wp:term":[{"taxonomy":"category","embeddable":true,"href":"https:\/\/infovera.com.ar\/web\/wp-json\/wp\/v2\/categories?post=66075"},{"taxonomy":"post_tag","embeddable":true,"href":"https:\/\/infovera.com.ar\/web\/wp-json\/wp\/v2\/tags?post=66075"}],"curies":[{"name":"wp","href":"https:\/\/api.w.org\/{rel}","templated":true}]}}