{"id":66069,"date":"2025-09-08T11:29:10","date_gmt":"2025-09-08T14:29:10","guid":{"rendered":"https:\/\/infovera.com.ar\/web\/?p=66069"},"modified":"2025-09-09T10:31:53","modified_gmt":"2025-09-09T13:31:53","slug":"rojas-sobre-el-reclamo-de-los-pequenos-productores-tenemos-que-lograr-que-las-propuestas-se-transformen-en-acciones-concretas","status":"publish","type":"post","link":"https:\/\/infovera.com.ar\/web\/2025\/09\/08\/rojas-sobre-el-reclamo-de-los-pequenos-productores-tenemos-que-lograr-que-las-propuestas-se-transformen-en-acciones-concretas\/","title":{"rendered":"Rojas sobre el reclamo de los peque\u00f1os productores: \u201cTenemos que lograr que las propuestas se transformen en acciones concretas\u201d"},"content":{"rendered":"<p>As\u00ed lo manifest\u00f3 el diputado provincial Sergio \u201cChiqui\u201d Rojas, luego de que la Asociaci\u00f3n de Peque\u00f1os Productores de la Cu\u00f1a Boscosa expresara su descontento por la falta de pol\u00edticas para el sector.<\/p>\n<p>De acuerdo al reclamo de los peque\u00f1os productores, el diputado nortefesino expres\u00f3: \u201cEl sector de los peque\u00f1os productores y agricultores familiares ha sido hist\u00f3ricamente relegado, eso hay que decirlo, entendemos su reclamo, que no es nuevo, sino que viene desde hace tiempo. Parte de eso tiene que ver con que es un sector muy diverso, con diferentes realidades, pero no ha habido una pol\u00edtica integral y sostenida en el tiempo. Son muchas familias que viven de su producci\u00f3n, y realmente para muchos de ellos la situaci\u00f3n es angustiante, de frustraci\u00f3n, se les hace muy cuesta arriba\u201d.<\/p>\n<p>En la misma l\u00ednea, el diputado se\u00f1alo que \u201cfalta una mirada de largo plazo, que tenga en cuenta las diferentes realidades, actores y necesidades. Sin dudas tambi\u00e9n es importante que las distintas familias y asociaciones puedan reunirse para tener m\u00e1s peso y definir una agenda en com\u00fan. Es necesario abrir instancias de dialogo y buscar los consensos para avanzar en una hoja de ruta clara. Creo que desde la provincia hay voluntad de trabajar junto a los peque\u00f1os productores, pero hay que tener un dialogo sincero y lograr que eso se traduzca en acciones concretas\u201d.<\/p>\n<p>Finalmente, Rojas expres\u00f3: \u201cNosotros venimos acompa\u00f1ando a los peque\u00f1os productores tanto en lo territorial como en lo legislativo. El a\u00f1o pasado logramos la pr\u00f3rroga de la Ley de Tierras; hemos presentado un proyecto para fomentar los mercados de proximidad, y hace poco acompa\u00f1amos a las familias organizadas en la UOCB que realizaron una feria por primera vez en la ciudad de Vera; tambi\u00e9n venimos pidiendo y gestionando por la mejora de la ruta 83s, fundamental para muchos productores del interior del departamento. Si todos acompa\u00f1amos, vamos a poder hacer m\u00e1s cosas\u201d.<\/p>\n","protected":false},"excerpt":{"rendered":"<p>As\u00ed lo manifest\u00f3 el diputado provincial Sergio \u201cChiqui\u201d Rojas, luego de que la Asociaci\u00f3n de Peque\u00f1os Productores de la Cu\u00f1a Boscosa expresara su descontento por la falta de pol\u00edticas para el sector. De acuerdo al reclamo de los peque\u00f1os productores, el diputado nortefesino expres\u00f3: \u201cEl sector de los peque\u00f1os productores y agricultores familiares ha sido [&hellip;]<\/p>\n","protected":false},"author":3,"featured_media":66070,"comment_status":"closed","ping_status":"closed","sticky":false,"template":"","format":"standard","meta":{"_joinchat":[],"footnotes":""},"categories":[53],"tags":[],"class_list":{"0":"post-66069","1":"post","2":"type-post","3":"status-publish","4":"format-standard","5":"has-post-thumbnail","7":"category-vera"},"_links":{"self":[{"href":"https:\/\/infovera.com.ar\/web\/wp-json\/wp\/v2\/posts\/66069","targetHints":{"allow":["GET"]}}],"collection":[{"href":"https:\/\/infovera.com.ar\/web\/wp-json\/wp\/v2\/posts"}],"about":[{"href":"https:\/\/infovera.com.ar\/web\/wp-json\/wp\/v2\/types\/post"}],"author":[{"embeddable":true,"href":"https:\/\/infovera.com.ar\/web\/wp-json\/wp\/v2\/users\/3"}],"replies":[{"embeddable":true,"href":"https:\/\/infovera.com.ar\/web\/wp-json\/wp\/v2\/comments?post=66069"}],"version-history":[{"count":0,"href":"https:\/\/infovera.com.ar\/web\/wp-json\/wp\/v2\/posts\/66069\/revisions"}],"wp:featuredmedia":[{"embeddable":true,"href":"https:\/\/infovera.com.ar\/web\/wp-json\/wp\/v2\/media\/66070"}],"wp:attachment":[{"href":"https:\/\/infovera.com.ar\/web\/wp-json\/wp\/v2\/media?parent=66069"}],"wp:term":[{"taxonomy":"category","embeddable":true,"href":"https:\/\/infovera.com.ar\/web\/wp-json\/wp\/v2\/categories?post=66069"},{"taxonomy":"post_tag","embeddable":true,"href":"https:\/\/infovera.com.ar\/web\/wp-json\/wp\/v2\/tags?post=66069"}],"curies":[{"name":"wp","href":"https:\/\/api.w.org\/{rel}","templated":true}]}}