{"id":66066,"date":"2025-09-08T09:57:53","date_gmt":"2025-09-08T12:57:53","guid":{"rendered":"https:\/\/infovera.com.ar\/web\/?p=66066"},"modified":"2025-09-08T09:57:53","modified_gmt":"2025-09-08T12:57:53","slug":"norte-creador-arte-innovacion-e-inteligencia-artificial-en-un-mismo-encuentro","status":"publish","type":"post","link":"https:\/\/infovera.com.ar\/web\/2025\/09\/08\/norte-creador-arte-innovacion-e-inteligencia-artificial-en-un-mismo-encuentro\/","title":{"rendered":"Norte Creador: arte, innovaci\u00f3n e inteligencia artificial en un mismo encuentro"},"content":{"rendered":"<p><strong>Este martes 9 de septiembre a las 14.30 horas, Dionisio Scarpin y el Instituto Superior de Formaci\u00f3n Docente en Artes N\u00b0 5074 \u201cGeneral Manuel Belgrano\u201d realizar\u00e1n el encuentro Norte Creador, con charlas sobre emprendimientos digitales, arte e inteligencia artificial. La actividad es gratuita y con cupos limitados.<\/strong><\/p>\n<p>El diputado provincial Dionisio Scarpin invit\u00f3 a sumarse al encuentro y destac\u00f3 que se trata de \u201cuna apuesta al futuro cultural y creativo del norte santafesino\u201d. Adem\u00e1s agreg\u00f3: \u201cJunto al Instituto Superior de Formaci\u00f3n Docente en Artes queremos que j\u00f3venes, docentes y toda la comunidad descubran c\u00f3mo la innovaci\u00f3n, la inteligencia artificial y la tecnolog\u00eda pueden potenciar al arte y abrir nuevas oportunidades\u201d.<\/p>\n<p>La jornada contar\u00e1 con las presentaciones de Julieta Guidici, Sergio Mosquen y Gisela Zampar, quienes abordar\u00e1n experiencias de emprendedores digitales, la incorporaci\u00f3n de inteligencia artificial en el arte y aspectos vinculados a la propiedad intelectual. La participaci\u00f3n es gratuita, pero requiere inscripci\u00f3n previa en el formulario: <a href=\"https:\/\/forms.gle\/xK2QdS9V7XNVrXnV6\">https:\/\/forms.gle\/xK2QdS9V7XNVrXnV6<\/a><\/p>\n<p>Dionisio Scarpin record\u00f3 que esta propuesta se suma a otras iniciativas que viene impulsando en la provincia: \u201cEl proyecto de ley para llevar la inteligencia artificial a las escuelas, el stand Dioni IA en la Expo Rural y la capacitaci\u00f3n docente en IA forman parte de una misma idea: que la tecnolog\u00eda y la innovaci\u00f3n no se vean como algo lejano, sino como herramientas que tambi\u00e9n podemos aprovechar ac\u00e1, en nuestro norte, para crecer y proyectarnos\u201d.<\/p>\n","protected":false},"excerpt":{"rendered":"<p>Este martes 9 de septiembre a las 14.30 horas, Dionisio Scarpin y el Instituto Superior de Formaci\u00f3n Docente en Artes N\u00b0 5074 \u201cGeneral Manuel Belgrano\u201d realizar\u00e1n el encuentro Norte Creador, con charlas sobre emprendimientos digitales, arte e inteligencia artificial. La actividad es gratuita y con cupos limitados. El diputado provincial Dionisio Scarpin invit\u00f3 a sumarse [&hellip;]<\/p>\n","protected":false},"author":3,"featured_media":66067,"comment_status":"closed","ping_status":"closed","sticky":false,"template":"","format":"standard","meta":{"_joinchat":[],"footnotes":""},"categories":[39,61],"tags":[],"class_list":{"0":"post-66066","1":"post","2":"type-post","3":"status-publish","4":"format-standard","5":"has-post-thumbnail","7":"category-educacion","8":"category-regionales"},"_links":{"self":[{"href":"https:\/\/infovera.com.ar\/web\/wp-json\/wp\/v2\/posts\/66066","targetHints":{"allow":["GET"]}}],"collection":[{"href":"https:\/\/infovera.com.ar\/web\/wp-json\/wp\/v2\/posts"}],"about":[{"href":"https:\/\/infovera.com.ar\/web\/wp-json\/wp\/v2\/types\/post"}],"author":[{"embeddable":true,"href":"https:\/\/infovera.com.ar\/web\/wp-json\/wp\/v2\/users\/3"}],"replies":[{"embeddable":true,"href":"https:\/\/infovera.com.ar\/web\/wp-json\/wp\/v2\/comments?post=66066"}],"version-history":[{"count":0,"href":"https:\/\/infovera.com.ar\/web\/wp-json\/wp\/v2\/posts\/66066\/revisions"}],"wp:featuredmedia":[{"embeddable":true,"href":"https:\/\/infovera.com.ar\/web\/wp-json\/wp\/v2\/media\/66067"}],"wp:attachment":[{"href":"https:\/\/infovera.com.ar\/web\/wp-json\/wp\/v2\/media?parent=66066"}],"wp:term":[{"taxonomy":"category","embeddable":true,"href":"https:\/\/infovera.com.ar\/web\/wp-json\/wp\/v2\/categories?post=66066"},{"taxonomy":"post_tag","embeddable":true,"href":"https:\/\/infovera.com.ar\/web\/wp-json\/wp\/v2\/tags?post=66066"}],"curies":[{"name":"wp","href":"https:\/\/api.w.org\/{rel}","templated":true}]}}