{"id":66063,"date":"2025-09-08T09:48:31","date_gmt":"2025-09-08T12:48:31","guid":{"rendered":"https:\/\/infovera.com.ar\/web\/?p=66063"},"modified":"2025-09-09T10:32:19","modified_gmt":"2025-09-09T13:32:19","slug":"norte-santafesino-multiples-siniestros-viales-dejaron-un-fallecido-y-varios-heridos","status":"publish","type":"post","link":"https:\/\/infovera.com.ar\/web\/2025\/09\/08\/norte-santafesino-multiples-siniestros-viales-dejaron-un-fallecido-y-varios-heridos\/","title":{"rendered":"Norte santafesino: m\u00faltiples siniestros viales dejaron un fallecido y varios heridos"},"content":{"rendered":"<p><strong>Durante el fin de semana, personal de distintas dependencias de la Unidad Regional IX intervino en varios accidentes de tr\u00e1nsito ocurridos en rutas nacionales y provinciales de la regi\u00f3n.<\/strong><\/p>\n<p>El domingo, cerca de las 19:30 horas, se produjo un accidente m\u00faltiple en la Ruta 11, entre calles 23 y 25 de Avellaneda. All\u00ed chocaron un Chevrolet Corsa, un Peugeot 207 Compact y un Volkswagen Fox. Como consecuencia, tres menores de 15, 10 y 7 a\u00f1os sufrieron dolencias y fueron trasladados en ambulancia al Hospital Regional de Reconquista.<\/p>\n<p><strong>Arroyo Ceibal<\/strong><\/p>\n<p>El s\u00e1bado 6 de septiembre, a las 22:30 horas, la Subcomisar\u00eda 7ma. de Arroyo Ceibal intervino en un siniestro en la Ruta 11, a la altura del kil\u00f3metro 837. Un Chevrolet Celta, conducido por un vecino mayor de edad, perdi\u00f3 el control y volc\u00f3. Afortunadamente, el conductor no sufri\u00f3 lesiones y solo se registraron da\u00f1os materiales.<\/p>\n<p><strong>Motociclista fallecido<\/strong><\/p>\n<p>El mismo s\u00e1bado, a las 13:30 horas, un motociclista perdi\u00f3 la vida en la Ruta Provincial 295 S, a unos 11 km de Villa Ana.<\/p>\n<p>Se trat\u00f3 de Jorge Insaurralde, de 37 a\u00f1os, quien circulaba en una motocicleta Corven Triax 150 cc y perdi\u00f3 el control, derrapando sobre la calzada.<\/p>\n<p>Personal m\u00e9dico del SAMCo constat\u00f3 el fallecimiento en el lugar. Intervinieron la PDI, el m\u00e9dico policial y el fiscal en turno, quien dispuso la entrega del cuerpo a la familia.<\/p>\n","protected":false},"excerpt":{"rendered":"<p>Durante el fin de semana, personal de distintas dependencias de la Unidad Regional IX intervino en varios accidentes de tr\u00e1nsito ocurridos en rutas nacionales y provinciales de la regi\u00f3n. El domingo, cerca de las 19:30 horas, se produjo un accidente m\u00faltiple en la Ruta 11, entre calles 23 y 25 de Avellaneda. All\u00ed chocaron un [&hellip;]<\/p>\n","protected":false},"author":3,"featured_media":66064,"comment_status":"closed","ping_status":"closed","sticky":false,"template":"","format":"standard","meta":{"_joinchat":[],"footnotes":""},"categories":[30,61],"tags":[],"class_list":{"0":"post-66063","1":"post","2":"type-post","3":"status-publish","4":"format-standard","5":"has-post-thumbnail","7":"category-policiales","8":"category-regionales"},"_links":{"self":[{"href":"https:\/\/infovera.com.ar\/web\/wp-json\/wp\/v2\/posts\/66063","targetHints":{"allow":["GET"]}}],"collection":[{"href":"https:\/\/infovera.com.ar\/web\/wp-json\/wp\/v2\/posts"}],"about":[{"href":"https:\/\/infovera.com.ar\/web\/wp-json\/wp\/v2\/types\/post"}],"author":[{"embeddable":true,"href":"https:\/\/infovera.com.ar\/web\/wp-json\/wp\/v2\/users\/3"}],"replies":[{"embeddable":true,"href":"https:\/\/infovera.com.ar\/web\/wp-json\/wp\/v2\/comments?post=66063"}],"version-history":[{"count":0,"href":"https:\/\/infovera.com.ar\/web\/wp-json\/wp\/v2\/posts\/66063\/revisions"}],"wp:featuredmedia":[{"embeddable":true,"href":"https:\/\/infovera.com.ar\/web\/wp-json\/wp\/v2\/media\/66064"}],"wp:attachment":[{"href":"https:\/\/infovera.com.ar\/web\/wp-json\/wp\/v2\/media?parent=66063"}],"wp:term":[{"taxonomy":"category","embeddable":true,"href":"https:\/\/infovera.com.ar\/web\/wp-json\/wp\/v2\/categories?post=66063"},{"taxonomy":"post_tag","embeddable":true,"href":"https:\/\/infovera.com.ar\/web\/wp-json\/wp\/v2\/tags?post=66063"}],"curies":[{"name":"wp","href":"https:\/\/api.w.org\/{rel}","templated":true}]}}