{"id":66059,"date":"2025-09-08T09:29:59","date_gmt":"2025-09-08T12:29:59","guid":{"rendered":"https:\/\/infovera.com.ar\/web\/?p=66059"},"modified":"2025-09-08T09:29:59","modified_gmt":"2025-09-08T12:29:59","slug":"vera-esclarecen-robo-en-un-salon-y-detienen-a-dos-jovenes","status":"publish","type":"post","link":"https:\/\/infovera.com.ar\/web\/2025\/09\/08\/vera-esclarecen-robo-en-un-salon-y-detienen-a-dos-jovenes\/","title":{"rendered":"Vera: esclarecen robo en un sal\u00f3n y detienen a dos j\u00f3venes"},"content":{"rendered":"<p><strong>La polic\u00eda de Vera logr\u00f3 esclarecer un hecho de robo ocurrido en un sal\u00f3n ubicado en inmediaciones de Urquiza y Jujuy, tras la denuncia de una mujer mayor de edad que advirti\u00f3 la sustracci\u00f3n de diversos elementos.<\/strong><\/p>\n<p>Seg\u00fan la denuncia, los autores ingresaron al lugar luego de ocasionar da\u00f1os en una abertura y se llevaron pollos crudos en bolsas individuales, una olla y un sart\u00e9n de tefl\u00f3n de gran tama\u00f1o, entre otros objetos.<\/p>\n<p>Durante un patrullaje preventivo, personal del Comando Radioel\u00e9ctrico, en trabajo conjunto con efectivos de la Comisar\u00eda 1\u00aa, identific\u00f3 a los presuntos autores del robo: dos j\u00f3venes mayores de edad, quienes fueron aprehendidos tras la lectura de sus derechos.<\/p>\n<p>Los detenidos fueron examinados en el hospital local y luego alojados en la Alcaid\u00eda de la Unidad Regional XIX.<\/p>\n<p>El caso qued\u00f3 bajo la \u00f3rbita de la Fiscal\u00eda en turno, que dispuso nuevas diligencias investigativas. Tambi\u00e9n fue notificado el defensor de los imputados.<\/p>\n","protected":false},"excerpt":{"rendered":"<p>La polic\u00eda de Vera logr\u00f3 esclarecer un hecho de robo ocurrido en un sal\u00f3n ubicado en inmediaciones de Urquiza y Jujuy, tras la denuncia de una mujer mayor de edad que advirti\u00f3 la sustracci\u00f3n de diversos elementos. Seg\u00fan la denuncia, los autores ingresaron al lugar luego de ocasionar da\u00f1os en una abertura y se llevaron [&hellip;]<\/p>\n","protected":false},"author":3,"featured_media":66060,"comment_status":"closed","ping_status":"closed","sticky":false,"template":"","format":"standard","meta":{"_joinchat":[],"footnotes":""},"categories":[30,53],"tags":[],"class_list":{"0":"post-66059","1":"post","2":"type-post","3":"status-publish","4":"format-standard","5":"has-post-thumbnail","7":"category-policiales","8":"category-vera"},"_links":{"self":[{"href":"https:\/\/infovera.com.ar\/web\/wp-json\/wp\/v2\/posts\/66059","targetHints":{"allow":["GET"]}}],"collection":[{"href":"https:\/\/infovera.com.ar\/web\/wp-json\/wp\/v2\/posts"}],"about":[{"href":"https:\/\/infovera.com.ar\/web\/wp-json\/wp\/v2\/types\/post"}],"author":[{"embeddable":true,"href":"https:\/\/infovera.com.ar\/web\/wp-json\/wp\/v2\/users\/3"}],"replies":[{"embeddable":true,"href":"https:\/\/infovera.com.ar\/web\/wp-json\/wp\/v2\/comments?post=66059"}],"version-history":[{"count":0,"href":"https:\/\/infovera.com.ar\/web\/wp-json\/wp\/v2\/posts\/66059\/revisions"}],"wp:featuredmedia":[{"embeddable":true,"href":"https:\/\/infovera.com.ar\/web\/wp-json\/wp\/v2\/media\/66060"}],"wp:attachment":[{"href":"https:\/\/infovera.com.ar\/web\/wp-json\/wp\/v2\/media?parent=66059"}],"wp:term":[{"taxonomy":"category","embeddable":true,"href":"https:\/\/infovera.com.ar\/web\/wp-json\/wp\/v2\/categories?post=66059"},{"taxonomy":"post_tag","embeddable":true,"href":"https:\/\/infovera.com.ar\/web\/wp-json\/wp\/v2\/tags?post=66059"}],"curies":[{"name":"wp","href":"https:\/\/api.w.org\/{rel}","templated":true}]}}