{"id":66052,"date":"2025-09-07T16:25:42","date_gmt":"2025-09-07T19:25:42","guid":{"rendered":"https:\/\/infovera.com.ar\/web\/?p=66052"},"modified":"2025-09-08T14:06:54","modified_gmt":"2025-09-08T17:06:54","slug":"fundacion-mr-realizo-una-nueva-jornada-de-intercambio-solidario-en-calchaqui","status":"publish","type":"post","link":"https:\/\/infovera.com.ar\/web\/2025\/09\/07\/fundacion-mr-realizo-una-nueva-jornada-de-intercambio-solidario-en-calchaqui\/","title":{"rendered":"Fundaci\u00f3n MR realiz\u00f3 una nueva jornada de intercambio solidario en Calchaqu\u00ed"},"content":{"rendered":"<p><strong>La Fundaci\u00f3n MR de Calchaqu\u00ed llev\u00f3 adelante una nueva edici\u00f3n de su jornada de intercambio solidario, en la que los vecinos pudieron entregar bolsas de botellas pl\u00e1sticas a cambio de artesan\u00edas elaboradas por los propios chicos que integran el proyecto.<\/strong><\/p>\n<p>Karina Cuatr\u00edn, referente de la Fundaci\u00f3n, destac\u00f3 que la iniciativa se realiza cada dos o tres meses con un doble prop\u00f3sito: recolectar pl\u00e1sticos para reciclar y, al mismo tiempo, concientizar a la comunidad sobre la importancia de separar residuos y no contaminar.<\/p>\n<p>\u201cSe trata de una bolsa de botellas por una artesan\u00eda. Lo importante es que la gente entienda que se necesita mucho material: a veces una caja llena de botellas solo alcanza para que los chicos trabajen una ma\u00f1ana, porque el proceso es intenso y se compacta r\u00e1pidamente\u201d, explic\u00f3 Cuatr\u00edn.<\/p>\n<p>En esta ocasi\u00f3n tambi\u00e9n se reinaugur\u00f3 el parque comunitario, que ahora cuenta con nombre propio y nuevos juegos, entre ellos un subibaja y estructuras realizadas con botellas recicladas.<strong> \u201cEste parque est\u00e1 pensado para ni\u00f1os peque\u00f1os, por eso colocamos un cartel recordando que no deben subir chicos grandes para evitar que se da\u00f1en los juegos\u201d, aclar\u00f3.<\/strong><\/p>\n<p>La responsable de la Fundaci\u00f3n MR record\u00f3 que las botellas recolectadas se env\u00edan a la empresa Quanta, de Paran\u00e1, que se encarga de transformarlas en material resistente y durable. \u201cLo ideal ser\u00eda que no hubiera pl\u00e1stico, pero como existe en grandes cantidades, trabajamos para darle un nuevo uso y convertirlo en algo maravilloso que queda para toda la comunidad\u201d, sostuvo.<\/p>\n<blockquote><p><strong><span style=\"font-size: 14px;\">&#8220;La zona colabora mucho. Tenemos mucha colaboraci\u00f3n de los pueblos vecinos, de los municipios. El trabajo de los chicos y de la coordinadora Luisa Lezcano es diario y nosotros estamos orgullosos de venir a hablar de estos resultados. Hay que mandar un cami\u00f3n de botellas para que vuelva un juego&#8221;. Lic. Karina Cuatr\u00edn &#8211; Fundaci\u00f3n MR<\/span><\/strong><\/p><\/blockquote>\n<p>Los j\u00f3venes de la fundaci\u00f3n realizan el proceso de clasificaci\u00f3n y compactado de botellas en el predio cercano a la estaci\u00f3n de servicios Dapsa, donde trabajan a diario. \u201cInvitamos a todos a pasar por all\u00ed, ver c\u00f3mo se hace y compartir con los chicos, que adem\u00e1s desayunan juntos antes de comenzar su tarea\u201d, agreg\u00f3.<\/p>\n<p>Finalmente, agradeci\u00f3 la colaboraci\u00f3n de la comunidad de Calchaqu\u00ed y de las localidades vecinas, que aportan botellas y acompa\u00f1an la propuesta<strong>: \u201cEl objetivo es seguir construyendo conciencia ambiental y comunitaria. Estamos orgullosos de los resultados y queremos que esta experiencia crezca cada vez m\u00e1s\u201d.<\/strong><\/p>\n<p><a href=\"https:\/\/infovera.com.ar\/web\/wp-content\/uploads\/2025\/09\/karin.png\"><img loading=\"lazy\" decoding=\"async\" class=\"alignleft size-full wp-image-66054\" src=\"https:\/\/infovera.com.ar\/web\/wp-content\/uploads\/2025\/09\/karin.png\" alt=\"\" width=\"1111\" height=\"743\" srcset=\"https:\/\/infovera.com.ar\/web\/wp-content\/uploads\/2025\/09\/karin.png 1111w, https:\/\/infovera.com.ar\/web\/wp-content\/uploads\/2025\/09\/karin-696x465.png 696w, https:\/\/infovera.com.ar\/web\/wp-content\/uploads\/2025\/09\/karin-1068x714.png 1068w, https:\/\/infovera.com.ar\/web\/wp-content\/uploads\/2025\/09\/karin-628x420.png 628w\" sizes=\"auto, (max-width: 1111px) 100vw, 1111px\" \/><\/a><\/p>\n","protected":false},"excerpt":{"rendered":"<p>La Fundaci\u00f3n MR de Calchaqu\u00ed llev\u00f3 adelante una nueva edici\u00f3n de su jornada de intercambio solidario, en la que los vecinos pudieron entregar bolsas de botellas pl\u00e1sticas a cambio de artesan\u00edas elaboradas por los propios chicos que integran el proyecto. Karina Cuatr\u00edn, referente de la Fundaci\u00f3n, destac\u00f3 que la iniciativa se realiza cada dos o [&hellip;]<\/p>\n","protected":false},"author":3,"featured_media":66053,"comment_status":"closed","ping_status":"closed","sticky":false,"template":"","format":"standard","meta":{"_joinchat":[],"footnotes":""},"categories":[52,48],"tags":[],"class_list":{"0":"post-66052","1":"post","2":"type-post","3":"status-publish","4":"format-standard","5":"has-post-thumbnail","7":"category-calchaqui","8":"category-produccion"},"_links":{"self":[{"href":"https:\/\/infovera.com.ar\/web\/wp-json\/wp\/v2\/posts\/66052","targetHints":{"allow":["GET"]}}],"collection":[{"href":"https:\/\/infovera.com.ar\/web\/wp-json\/wp\/v2\/posts"}],"about":[{"href":"https:\/\/infovera.com.ar\/web\/wp-json\/wp\/v2\/types\/post"}],"author":[{"embeddable":true,"href":"https:\/\/infovera.com.ar\/web\/wp-json\/wp\/v2\/users\/3"}],"replies":[{"embeddable":true,"href":"https:\/\/infovera.com.ar\/web\/wp-json\/wp\/v2\/comments?post=66052"}],"version-history":[{"count":0,"href":"https:\/\/infovera.com.ar\/web\/wp-json\/wp\/v2\/posts\/66052\/revisions"}],"wp:featuredmedia":[{"embeddable":true,"href":"https:\/\/infovera.com.ar\/web\/wp-json\/wp\/v2\/media\/66053"}],"wp:attachment":[{"href":"https:\/\/infovera.com.ar\/web\/wp-json\/wp\/v2\/media?parent=66052"}],"wp:term":[{"taxonomy":"category","embeddable":true,"href":"https:\/\/infovera.com.ar\/web\/wp-json\/wp\/v2\/categories?post=66052"},{"taxonomy":"post_tag","embeddable":true,"href":"https:\/\/infovera.com.ar\/web\/wp-json\/wp\/v2\/tags?post=66052"}],"curies":[{"name":"wp","href":"https:\/\/api.w.org\/{rel}","templated":true}]}}