{"id":66049,"date":"2025-09-07T15:52:20","date_gmt":"2025-09-07T18:52:20","guid":{"rendered":"https:\/\/infovera.com.ar\/web\/?p=66049"},"modified":"2025-09-07T15:52:20","modified_gmt":"2025-09-07T18:52:20","slug":"reconquista-detuvieron-a-un-hombre-por-hurto-y-falsa-denuncia","status":"publish","type":"post","link":"https:\/\/infovera.com.ar\/web\/2025\/09\/07\/reconquista-detuvieron-a-un-hombre-por-hurto-y-falsa-denuncia\/","title":{"rendered":"Reconquista: detuvieron a un hombre por hurto y falsa denuncia"},"content":{"rendered":"<p><strong>Personal de la Divisi\u00f3n Especial del Departamento Operativo de Investigaciones Complejas de Reconquista (PDI), dependiente del Ministerio de Justicia y Seguridad,<\/strong> logr\u00f3 el esclarecimiento de un hecho denunciado como robo a mano armada, el cual deriv\u00f3 en la aprehensi\u00f3n de un hombre por los delitos de hurto y falsa denuncia.<\/p>\n<p>La investigaci\u00f3n se inici\u00f3 a partir de una denuncia radicada por D. M. B. de 48 a\u00f1os, quien inform\u00f3 haber sido v\u00edctima de un asalto en la v\u00eda p\u00fablica, donde supuestamente cuatro sujetos a bordo de dos motocicletas, portando armas de fuego, le sustrajeron una bolsa con cheques, documentaci\u00f3n comercial y la suma aproximada de $ 14.500.000 pesos, correspondiente a la recaudaci\u00f3n de la empresa donde trabajaba.<\/p>\n<p>Horas despu\u00e9s, el propio denunciante se present\u00f3 ante personal de esta Polic\u00eda de Investigaciones, retract\u00e1ndose de sus dichos iniciales y solicitando entregar el dinero en efectivo que hab\u00eda sido reportado como robado. Por orden del fiscal interviniente Dr. Juan Carlos Koguc, el personal de PDI secuestr\u00f3 una suma aproximada de $ 15.500.000 pesos argentinos.<\/p>\n<p>Por disposici\u00f3n del Ministerio P\u00fablico de la Acusaci\u00f3n, D. M. B. fue finalmente detenido por los delitos mencionados y trasladado a sede policial de la Unidad Regional IX, donde quedar\u00e1 a disposici\u00f3n de la justicia.<\/p>\n","protected":false},"excerpt":{"rendered":"<p>Personal de la Divisi\u00f3n Especial del Departamento Operativo de Investigaciones Complejas de Reconquista (PDI), dependiente del Ministerio de Justicia y Seguridad, logr\u00f3 el esclarecimiento de un hecho denunciado como robo a mano armada, el cual deriv\u00f3 en la aprehensi\u00f3n de un hombre por los delitos de hurto y falsa denuncia. La investigaci\u00f3n se inici\u00f3 a [&hellip;]<\/p>\n","protected":false},"author":3,"featured_media":66050,"comment_status":"closed","ping_status":"closed","sticky":false,"template":"","format":"standard","meta":{"_joinchat":[],"footnotes":""},"categories":[30,61],"tags":[],"class_list":{"0":"post-66049","1":"post","2":"type-post","3":"status-publish","4":"format-standard","5":"has-post-thumbnail","7":"category-policiales","8":"category-regionales"},"_links":{"self":[{"href":"https:\/\/infovera.com.ar\/web\/wp-json\/wp\/v2\/posts\/66049","targetHints":{"allow":["GET"]}}],"collection":[{"href":"https:\/\/infovera.com.ar\/web\/wp-json\/wp\/v2\/posts"}],"about":[{"href":"https:\/\/infovera.com.ar\/web\/wp-json\/wp\/v2\/types\/post"}],"author":[{"embeddable":true,"href":"https:\/\/infovera.com.ar\/web\/wp-json\/wp\/v2\/users\/3"}],"replies":[{"embeddable":true,"href":"https:\/\/infovera.com.ar\/web\/wp-json\/wp\/v2\/comments?post=66049"}],"version-history":[{"count":0,"href":"https:\/\/infovera.com.ar\/web\/wp-json\/wp\/v2\/posts\/66049\/revisions"}],"wp:featuredmedia":[{"embeddable":true,"href":"https:\/\/infovera.com.ar\/web\/wp-json\/wp\/v2\/media\/66050"}],"wp:attachment":[{"href":"https:\/\/infovera.com.ar\/web\/wp-json\/wp\/v2\/media?parent=66049"}],"wp:term":[{"taxonomy":"category","embeddable":true,"href":"https:\/\/infovera.com.ar\/web\/wp-json\/wp\/v2\/categories?post=66049"},{"taxonomy":"post_tag","embeddable":true,"href":"https:\/\/infovera.com.ar\/web\/wp-json\/wp\/v2\/tags?post=66049"}],"curies":[{"name":"wp","href":"https:\/\/api.w.org\/{rel}","templated":true}]}}