{"id":65814,"date":"2025-09-08T09:35:53","date_gmt":"2025-09-08T12:35:53","guid":{"rendered":"https:\/\/infovera.com.ar\/web\/?p=65814"},"modified":"2025-09-09T10:32:44","modified_gmt":"2025-09-09T13:32:44","slug":"a-los-tibios-los-vomita-dios-rossi-critico-a-intendentes-del-pj-que-se-sumaron-a-provincias-unidas","status":"publish","type":"post","link":"https:\/\/infovera.com.ar\/web\/2025\/09\/08\/a-los-tibios-los-vomita-dios-rossi-critico-a-intendentes-del-pj-que-se-sumaron-a-provincias-unidas\/","title":{"rendered":"&#8220;A los tibios los vomita Dios&#8221;: Rossi critic\u00f3 a intendentes del PJ que se sumaron a Provincias Unidas"},"content":{"rendered":"<p><strong>Agust\u00edn Rossi, candidato a diputado nacional por el Partido Justicialista de Santa Fe, critic\u00f3 la postura de algunos intendentes peronistas que decidieron integrar el frente Provincias Unidas, liderado en la provincia por el gobernador Maximiliano Pullaro y que lleva de candidata a la vicegobernadora Gisela Scaglia.<\/strong><\/p>\n<p>El dirigente que se ubica segundo en lista de Fuerza Patria que lidera Caren Tepp sostuvo que \u201cse puede mantener un buen di\u00e1logo institucional con autoridades de otros partidos, pero si eso se transforma en un acompa\u00f1amiento pol\u00edtico, es un error garrafal\u201d. Enfatiz\u00f3 que el peronismo no puede respaldar a dirigentes que terminen apoyando pol\u00edticas del presidente Milei, porque \u201cson fuertemente da\u00f1inas para la sociedad santafesina\u201d.<\/p>\n<p>\u201cNadie puede pensar que la vicegobernadora, si hoy estuviese en la C\u00e1mara de Diputados, estar\u00eda defendiendo a los jubilados de la provincia. Seguramente acompa\u00f1ar\u00e1 las pol\u00edticas que lleva adelante Milei, que van en contra del inter\u00e9s de los santafesinos\u201d, afirm\u00f3 Rossi.<\/p>\n<p><strong>Unidad del peronismo<\/strong><\/p>\n<p>Rossi resalt\u00f3 que, frente a este panorama, el PJ santafesino logr\u00f3 consolidar la unidad de sus distintos sectores en la lista de Fuerza Patria, encabezada por Karen Tepp, donde \u00e9l ocupa el segundo lugar. La lista integra dirigentes de la C\u00e1mpora, del Frente Renovador, y del sector de Marcelo Lewandowski, quien previamente hab\u00eda competido fuera del PJ como convencional constituyente.<\/p>\n<p>\u201cCasi todos los sectores del peronismo est\u00e1n integrados en esta lista, y eso demuestra nuestra voluntad de unidad y de trabajar por los intereses de los santafesinos desde el territorio\u201d, se\u00f1al\u00f3, en declaraciones a Radio 10 Reconquista.<\/p>\n<p>Rossi record\u00f3 adem\u00e1s que varios intendentes, como el de Reconquista Enrique Vallejos, participaron en acuerdos que consolidaron la lista de Lewandowski en elecciones pasadas de convencionales constituyentes, <strong>pero luego decidieron salirse del PJ y aliarse a la lista actual de diputados nacionales que lleva Provincias Unidas.\u00a0<\/strong><\/p>\n<p><strong>Diferencias con Provincias Unidas<\/strong><\/p>\n<p>El candidato destac\u00f3 que la lista impulsada por Pullaro y Scaglia refleja un perfil &#8220;profundamente antiperonista&#8221;, fuertemente alineado con las pol\u00edticas nacionales del presidente Miley y con sectores de La Libertad Avanza&#8221;. Rossi advirti\u00f3 que esta orientaci\u00f3n no permitir\u00e1 que la lista sea una fuerza opositora responsable ni que defienda los derechos de los trabajadores y jubilados.<\/p>\n<p>\u201cLa lista de Pullaro tiene un matiz profundamente antiperonista y est\u00e1 dise\u00f1ada para favorecer intereses externos al peronismo. El peronismo no puede equivocarse dando un acompa\u00f1amiento pol\u00edtico a quienes apoyan estas pol\u00edticas\u201d, advirti\u00f3, en clara referencia cr\u00edtica a los mandatarios municipales que dieron el salto, como Vallejos o tambi\u00e9n el intendente de Funes, Roly Santacroce.<\/p>\n<p><strong>Con un dejo de iron\u00eda, apunt\u00f3 contra el intendente Vallejos, a quien le recomend\u00f3: &#8220;S\u00e9 que es un hombre muy religioso, entonces le recomiendo que lea el Apocalipsis donde dice que &#8220;a los tibios los vomita Dios&#8221;.<\/strong><\/p>\n<p><strong>Gesti\u00f3n y cercan\u00eda con el territorio<\/strong><\/p>\n<p>Rossi tambi\u00e9n aprovech\u00f3 la ocasi\u00f3n para destacar que las pol\u00edticas del peronismo deben tener un impacto concreto en la vida cotidiana de las familias y los trabajadores municipales.<\/p>\n<p>Rossi insisti\u00f3 en que el PJ santafesino debe mantener una postura firme frente a la pol\u00edtica nacional y provincial, sin ambig\u00fcedades ni concesiones a sectores que no comparten los valores del partido, y garantizando la defensa de los derechos de los trabajadores y jubilados de la provincia de Santa Fe.<\/p>\n<p>&nbsp;<\/p>\n","protected":false},"excerpt":{"rendered":"<p>Agust\u00edn Rossi, candidato a diputado nacional por el Partido Justicialista de Santa Fe, critic\u00f3 la postura de algunos intendentes peronistas que decidieron integrar el frente Provincias Unidas, liderado en la provincia por el gobernador Maximiliano Pullaro y que lleva de candidata a la vicegobernadora Gisela Scaglia. El dirigente que se ubica segundo en lista de [&hellip;]<\/p>\n","protected":false},"author":3,"featured_media":65815,"comment_status":"closed","ping_status":"closed","sticky":false,"template":"","format":"standard","meta":{"_joinchat":[],"footnotes":""},"categories":[66,61],"tags":[],"class_list":{"0":"post-65814","1":"post","2":"type-post","3":"status-publish","4":"format-standard","5":"has-post-thumbnail","7":"category-politica","8":"category-regionales"},"_links":{"self":[{"href":"https:\/\/infovera.com.ar\/web\/wp-json\/wp\/v2\/posts\/65814","targetHints":{"allow":["GET"]}}],"collection":[{"href":"https:\/\/infovera.com.ar\/web\/wp-json\/wp\/v2\/posts"}],"about":[{"href":"https:\/\/infovera.com.ar\/web\/wp-json\/wp\/v2\/types\/post"}],"author":[{"embeddable":true,"href":"https:\/\/infovera.com.ar\/web\/wp-json\/wp\/v2\/users\/3"}],"replies":[{"embeddable":true,"href":"https:\/\/infovera.com.ar\/web\/wp-json\/wp\/v2\/comments?post=65814"}],"version-history":[{"count":0,"href":"https:\/\/infovera.com.ar\/web\/wp-json\/wp\/v2\/posts\/65814\/revisions"}],"wp:featuredmedia":[{"embeddable":true,"href":"https:\/\/infovera.com.ar\/web\/wp-json\/wp\/v2\/media\/65815"}],"wp:attachment":[{"href":"https:\/\/infovera.com.ar\/web\/wp-json\/wp\/v2\/media?parent=65814"}],"wp:term":[{"taxonomy":"category","embeddable":true,"href":"https:\/\/infovera.com.ar\/web\/wp-json\/wp\/v2\/categories?post=65814"},{"taxonomy":"post_tag","embeddable":true,"href":"https:\/\/infovera.com.ar\/web\/wp-json\/wp\/v2\/tags?post=65814"}],"curies":[{"name":"wp","href":"https:\/\/api.w.org\/{rel}","templated":true}]}}