{"id":65626,"date":"2025-08-22T10:06:54","date_gmt":"2025-08-22T13:06:54","guid":{"rendered":"https:\/\/infovera.com.ar\/web\/?p=65626"},"modified":"2025-08-23T13:44:06","modified_gmt":"2025-08-23T16:44:06","slug":"revocaron-la-prision-domiciliaria-a-un-hombre-imputado-por-amenazar-a-su-expareja-en-vera","status":"publish","type":"post","link":"https:\/\/infovera.com.ar\/web\/2025\/08\/22\/revocaron-la-prision-domiciliaria-a-un-hombre-imputado-por-amenazar-a-su-expareja-en-vera\/","title":{"rendered":"Revocaron la prisi\u00f3n domiciliaria a un hombre imputado por amenazar a su expareja en Vera"},"content":{"rendered":"<p><strong>En una extensa audiencia de apelaci\u00f3n presidida por el juez Eduardo Bernacchia, se resolvi\u00f3 revocar la prisi\u00f3n domiciliaria de Leguizam\u00f3n y dispuso que sea trasladado a una unidad del Servicio Penitenciario de la provincia, con la obligaci\u00f3n de que se le brinde atenci\u00f3n m\u00e9dica adecuada a la diabetes insulino-dependiente que padece.<\/strong><\/p>\n<p>El Ministerio P\u00fablico de la Acusaci\u00f3n (MPA) plante\u00f3 ante la C\u00e1mara de Apelaciones en lo Penal de vera que exist\u00edan circunstancias sobrevinientes que justificaban la medida. Entre ellas, mencion\u00f3 que el servicio penitenciario provincial hab\u00eda confirmado contar con infraestructura m\u00e9dica -incluyendo m\u00e9dicos de guardia, servicio de salud mental, telemedicina y ambulancia- para atender a internos con esa patolog\u00eda. Adem\u00e1s, destac\u00f3 la existencia de riesgos procesales, vinculados a comunicaciones de Leguizam\u00f3n con la denunciante Valeria Llobel, con su hijo de 8 a\u00f1os y con familiares de la v\u00edctima.<\/p>\n<p><strong> Seg\u00fan la Fiscal\u00eda, en esas llamadas el imputado incluso habr\u00eda pedido al ni\u00f1o que no contara a su madre sobre la conversaci\u00f3n. Tambi\u00e9n se sumaron como indicios los llamativos ataques que sufri\u00f3 el autom\u00f3vil de Llobel poco despu\u00e9s de que Leguizam\u00f3n cambiara de domicilio.<\/strong><\/p>\n<p>El Fiscal sostuvo adem\u00e1s que en Vera no es posible aplicar mecanismos alternativos de control, como la tobillera electr\u00f3nica, debido a que la ciudad no cuenta con un sistema de monitoreo disponible. Por lo tanto, insisti\u00f3 en que deb\u00eda cumplirse la prisi\u00f3n preventiva en una unidad penitenciaria.<\/p>\n<p>En la misma l\u00ednea se expres\u00f3 el fiscal Julio de Olaz\u00e1bal, quien record\u00f3 que la Ley de Ejecuci\u00f3n Penal establece que la salud de los internos debe ser atendida dentro de los institutos carcelarios. Tambi\u00e9n se\u00f1al\u00f3 que el Estado no dispone de personal policial suficiente para custodias fijas en domicilios, y que existen internos con patolog\u00edas m\u00e1s graves que igualmente son alojados en el servicio penitenciario.<\/p>\n<p><strong>Defensa<\/strong><\/p>\n<p>Por su parte, la defensa de Leguizam\u00f3n, a cargo del doctor Franco Emanuel Corchuelo, manifest\u00f3 su rechazo a la medida y defendi\u00f3 la decisi\u00f3n del juez Olivera, que hab\u00eda otorgado la prisi\u00f3n domiciliaria. Se\u00f1al\u00f3 que no estaba acreditado que los supuestos llamados telef\u00f3nicos hubieran sido realizados por su defendido ni que las cuentas de redes sociales mencionadas le pertenecieran.<strong> Respecto a los ataques al veh\u00edculo de la denunciante, los calific\u00f3 como una \u201cmera sospecha\u201d, ya que la investigaci\u00f3n no arroj\u00f3 pruebas que los vinculen con Leguizam\u00f3n.<\/strong><\/p>\n<p>El defensor tambi\u00e9n cuestion\u00f3 la capacidad real del servicio penitenciario para garantizar condiciones adecuadas de alojamiento, recordando que en otros procesos se han registrado demoras e incumplimientos en los traslados. Insisti\u00f3 en que la prisi\u00f3n domiciliaria debe mantenerse y subray\u00f3 que el propio Leguizam\u00f3n ya lleva un a\u00f1o detenido bajo esa modalidad.<\/p>\n<figure id=\"attachment_63628\" aria-describedby=\"caption-attachment-63628\" style=\"width: 1457px\" class=\"wp-caption aligncenter\"><a href=\"https:\/\/infovera.com.ar\/web\/wp-content\/uploads\/2025\/06\/vento-roto.png\"><img loading=\"lazy\" decoding=\"async\" class=\"size-full wp-image-63628\" src=\"https:\/\/infovera.com.ar\/web\/wp-content\/uploads\/2025\/06\/vento-roto.png\" alt=\"\" width=\"1457\" height=\"718\" srcset=\"https:\/\/infovera.com.ar\/web\/wp-content\/uploads\/2025\/06\/vento-roto.png 1457w, https:\/\/infovera.com.ar\/web\/wp-content\/uploads\/2025\/06\/vento-roto-696x343.png 696w, https:\/\/infovera.com.ar\/web\/wp-content\/uploads\/2025\/06\/vento-roto-1068x526.png 1068w, https:\/\/infovera.com.ar\/web\/wp-content\/uploads\/2025\/06\/vento-roto-852x420.png 852w, https:\/\/infovera.com.ar\/web\/wp-content\/uploads\/2025\/06\/vento-roto-324x160.png 324w\" sizes=\"auto, (max-width: 1457px) 100vw, 1457px\" \/><\/a><figcaption id=\"caption-attachment-63628\" class=\"wp-caption-text\">Durante la audiencia, la Fiscal\u00eda hizo referencia al ataque al auto de la denunciante. Por su parte, el defensor dijo que se trata de una \u201cmera sospecha\u201d, ya que la investigaci\u00f3n no arroj\u00f3 pruebas que los vinculen con Leguizam\u00f3n.<\/figcaption><\/figure>\n<p><strong>A una c\u00e1rcel<\/strong><\/p>\n<p>Finalmente, el Tribunal unipersonal consider\u00f3 que el servicio penitenciario cuenta con condiciones suficientes para garantizar la atenci\u00f3n m\u00e9dica de Leguizam\u00f3n y que existen riesgos procesales que justifican el cambio de modalidad.<strong> Por ello, resolvi\u00f3 revocar la decisi\u00f3n de primera instancia y ordenar el traslado del imputado a una unidad penitenciaria, disponiendo adem\u00e1s que se informen de manera bimestral los controles m\u00e9dicos sobre su estado de salud.<\/strong><\/p>\n<p>El juez remarc\u00f3 que el juicio oral y p\u00fablico en su contra se encuentra pr\u00f3ximo a iniciarse y pidi\u00f3 que se realice a la mayor brevedad posible.<\/p>\n","protected":false},"excerpt":{"rendered":"<p>En una extensa audiencia de apelaci\u00f3n presidida por el juez Eduardo Bernacchia, se resolvi\u00f3 revocar la prisi\u00f3n domiciliaria de Leguizam\u00f3n y dispuso que sea trasladado a una unidad del Servicio Penitenciario de la provincia, con la obligaci\u00f3n de que se le brinde atenci\u00f3n m\u00e9dica adecuada a la diabetes insulino-dependiente que padece. El Ministerio P\u00fablico de [&hellip;]<\/p>\n","protected":false},"author":3,"featured_media":41784,"comment_status":"closed","ping_status":"closed","sticky":false,"template":"","format":"standard","meta":{"_joinchat":[],"footnotes":""},"categories":[30,53],"tags":[],"class_list":{"0":"post-65626","1":"post","2":"type-post","3":"status-publish","4":"format-standard","5":"has-post-thumbnail","7":"category-policiales","8":"category-vera"},"_links":{"self":[{"href":"https:\/\/infovera.com.ar\/web\/wp-json\/wp\/v2\/posts\/65626","targetHints":{"allow":["GET"]}}],"collection":[{"href":"https:\/\/infovera.com.ar\/web\/wp-json\/wp\/v2\/posts"}],"about":[{"href":"https:\/\/infovera.com.ar\/web\/wp-json\/wp\/v2\/types\/post"}],"author":[{"embeddable":true,"href":"https:\/\/infovera.com.ar\/web\/wp-json\/wp\/v2\/users\/3"}],"replies":[{"embeddable":true,"href":"https:\/\/infovera.com.ar\/web\/wp-json\/wp\/v2\/comments?post=65626"}],"version-history":[{"count":0,"href":"https:\/\/infovera.com.ar\/web\/wp-json\/wp\/v2\/posts\/65626\/revisions"}],"wp:featuredmedia":[{"embeddable":true,"href":"https:\/\/infovera.com.ar\/web\/wp-json\/wp\/v2\/media\/41784"}],"wp:attachment":[{"href":"https:\/\/infovera.com.ar\/web\/wp-json\/wp\/v2\/media?parent=65626"}],"wp:term":[{"taxonomy":"category","embeddable":true,"href":"https:\/\/infovera.com.ar\/web\/wp-json\/wp\/v2\/categories?post=65626"},{"taxonomy":"post_tag","embeddable":true,"href":"https:\/\/infovera.com.ar\/web\/wp-json\/wp\/v2\/tags?post=65626"}],"curies":[{"name":"wp","href":"https:\/\/api.w.org\/{rel}","templated":true}]}}