{"id":65505,"date":"2025-08-18T18:39:03","date_gmt":"2025-08-18T21:39:03","guid":{"rendered":"https:\/\/infovera.com.ar\/web\/?p=65505"},"modified":"2025-08-18T18:39:03","modified_gmt":"2025-08-18T21:39:03","slug":"el-norte-de-luto-por-la-irreparable-muerte-de-cinco-trabajadores-de-la-construccion","status":"publish","type":"post","link":"https:\/\/infovera.com.ar\/web\/2025\/08\/18\/el-norte-de-luto-por-la-irreparable-muerte-de-cinco-trabajadores-de-la-construccion\/","title":{"rendered":"El norte de luto por la irreparable muerte de cinco trabajadores de la construcci\u00f3n"},"content":{"rendered":"<p><strong>Florencia, Hardy y El Rab\u00f3n despidieron a sus vecinos fallecidos en el tr\u00e1gico accidente de San Lorenzo.<\/strong><\/p>\n<p>Consternaci\u00f3n y profundo dolor se viven en el norte santafesino tras el tr\u00e1gico accidente ocurrido en la ciudad de San Lorenzo, donde el desplome de un montacargas en una obra en construcci\u00f3n provoc\u00f3 la muerte de cinco trabajadores.<\/p>\n<p>Entre las v\u00edctimas fatales se encontraban dos j\u00f3venes de Florencia, dos de Hardy y uno de El Rab\u00f3n.<\/p>\n<p>El domingo fallecieron Mat\u00edas Ezequiel Aquino de 30 a\u00f1os y Lucas Agust\u00edn Palacio de 25 a\u00f1os, ambos oriundos de Florencia; y Alexis Ram\u00f3n Mar\u00eda Cettour y Axel Maximiliano Vanwelle de 25 a\u00f1os, de Hardy. Y este lunes se confirm\u00f3 el deceso de Fernando Guerra, de 27 a\u00f1os, que viv\u00eda en El Rab\u00f3n.<\/p>\n<p><strong>P\u00e9same<\/strong><\/p>\n<p>La Comuna de El Rab\u00f3n manifest\u00f3 su profundo dolor por los tr\u00e1gicos hechos ocurridos en la localidad de San Lorenzo, provincia de Santa Fe, donde perdieron la vida cinco j\u00f3venes del norte.<\/p>\n<p>A trav\u00e9s de un comunicado oficial, se inform\u00f3 que el presidente comunal Juan Carlos Pulzoni se puso en contacto desde las primeras horas con la familia Guerra, disponiendo los traslados y todas las gestiones necesarias para los tr\u00e1mites pertinentes.<\/p>\n<p>\u201cEn estos momentos de tristeza, el equipo de trabajo de la Comuna de El Rab\u00f3n acompa\u00f1a como siempre y en su deber a familiares y amigos\u201d, se\u00f1alaron desde la administraci\u00f3n local.<\/p>\n<p>El mensaje expres\u00f3 especialmente el acompa\u00f1amiento a Zulema Guerra, madre una de las v\u00edctimas e integrante de la comisi\u00f3n comunal y compa\u00f1era de trabajo.<\/p>\n<p><strong>Condolencias<\/strong><\/p>\n<p>En tanto, la Comuna de Hardy expres\u00f3 su profundo pesar por el fallecimiento de Alexis Cettour y Axel Vanweele, vecinos de la localidad, quienes perdieron la vida en un tr\u00e1gico hecho que conmociona a toda la regi\u00f3n.<\/p>\n<p>\u201cQ.E.P.D. Alexis y Axel. La Comuna de Hardy expresa sus m\u00e1s profundas y sentidas condolencias a las familias de los j\u00f3venes que han partido de este mundo\u201d, manifest\u00f3 en un comunicado.<\/p>\n<p>El mensaje resalt\u00f3 que \u201cno existen palabras que logren contener el inmenso dolor que hoy atraviesa a sus seres queridos, ni tampoco a toda nuestra comunidad que se ve golpeada por esta irreparable p\u00e9rdida\u201d.<\/p>\n<p>\u201cHardy est\u00e1 de luto. Porque cuando se apaga la vida de dos de nuestros hijos, tambi\u00e9n se apaga un pedazo de nuestra historia compartida\u201d, agreg\u00f3.<\/p>\n<p>Finalmente, la Comuna envi\u00f3 un mensaje de acompa\u00f1amiento: \u201cQue la fortaleza, la fe y el amor de quienes los rodean acompa\u00f1en a sus familias en este camino de tristeza. Que el recuerdo de sus sonrisas, de su esfuerzo y de su paso por nuestra tierra se transforme en luz que alivie la oscuridad de este momento\u201d.<\/p>\n<p>En nombre de toda la comunidad, la instituci\u00f3n cerr\u00f3 con un abrazo simb\u00f3lico \u201ccon profundo respeto y pesar\u201d a las familias y amigos de los j\u00f3venes, elevando una oraci\u00f3n por el eterno descanso de sus almas.<\/p>\n<p><strong>Consternaci\u00f3n<\/strong><\/p>\n<p>A su vez, ante el suceso, la municipalidad de Florencia asegur\u00f3 que el intendente Rub\u00e9n Carlos Quain se puso en contacto con las familias de las v\u00edctimas y dispuso un veh\u00edculo para el traslado desde Rosario para sus correctas despedidas. \u201cEn estos momentos dif\u00edciles y de consternaci\u00f3n la Municipalidad acompa\u00f1a a los familiares y amigos en este duro tr\u00e1nsito\u201d, expres\u00f3 en su comunicado oficial.<\/p>\n<p>&nbsp;<\/p>\n","protected":false},"excerpt":{"rendered":"<p>Florencia, Hardy y El Rab\u00f3n despidieron a sus vecinos fallecidos en el tr\u00e1gico accidente de San Lorenzo. Consternaci\u00f3n y profundo dolor se viven en el norte santafesino tras el tr\u00e1gico accidente ocurrido en la ciudad de San Lorenzo, donde el desplome de un montacargas en una obra en construcci\u00f3n provoc\u00f3 la muerte de cinco trabajadores. [&hellip;]<\/p>\n","protected":false},"author":3,"featured_media":65506,"comment_status":"closed","ping_status":"closed","sticky":false,"template":"","format":"standard","meta":{"_joinchat":[],"footnotes":""},"categories":[42,60],"tags":[],"class_list":{"0":"post-65505","1":"post","2":"type-post","3":"status-publish","4":"format-standard","5":"has-post-thumbnail","7":"category-necrologicas","8":"category-provinciales"},"_links":{"self":[{"href":"https:\/\/infovera.com.ar\/web\/wp-json\/wp\/v2\/posts\/65505","targetHints":{"allow":["GET"]}}],"collection":[{"href":"https:\/\/infovera.com.ar\/web\/wp-json\/wp\/v2\/posts"}],"about":[{"href":"https:\/\/infovera.com.ar\/web\/wp-json\/wp\/v2\/types\/post"}],"author":[{"embeddable":true,"href":"https:\/\/infovera.com.ar\/web\/wp-json\/wp\/v2\/users\/3"}],"replies":[{"embeddable":true,"href":"https:\/\/infovera.com.ar\/web\/wp-json\/wp\/v2\/comments?post=65505"}],"version-history":[{"count":0,"href":"https:\/\/infovera.com.ar\/web\/wp-json\/wp\/v2\/posts\/65505\/revisions"}],"wp:featuredmedia":[{"embeddable":true,"href":"https:\/\/infovera.com.ar\/web\/wp-json\/wp\/v2\/media\/65506"}],"wp:attachment":[{"href":"https:\/\/infovera.com.ar\/web\/wp-json\/wp\/v2\/media?parent=65505"}],"wp:term":[{"taxonomy":"category","embeddable":true,"href":"https:\/\/infovera.com.ar\/web\/wp-json\/wp\/v2\/categories?post=65505"},{"taxonomy":"post_tag","embeddable":true,"href":"https:\/\/infovera.com.ar\/web\/wp-json\/wp\/v2\/tags?post=65505"}],"curies":[{"name":"wp","href":"https:\/\/api.w.org\/{rel}","templated":true}]}}