{"id":65231,"date":"2025-08-08T09:49:55","date_gmt":"2025-08-08T12:49:55","guid":{"rendered":"https:\/\/infovera.com.ar\/web\/?p=65231"},"modified":"2025-08-08T09:49:55","modified_gmt":"2025-08-08T12:49:55","slug":"la-gallareta-semana-de-obras-y-mejoras-en-la-localidad","status":"publish","type":"post","link":"https:\/\/infovera.com.ar\/web\/2025\/08\/08\/la-gallareta-semana-de-obras-y-mejoras-en-la-localidad\/","title":{"rendered":"La Gallareta: semana de obras y mejoras en la localidad"},"content":{"rendered":"<p><strong>El presidente comunal de La Gallareta, Fernando Nicola, destac\u00f3 que la \u00faltima semana fue \u201cmuy productiva\u201d en materia de obras y servicios para la comunidad.<\/strong><\/p>\n<p>Entre los trabajos realizados se encuentra la finalizaci\u00f3n del cableado y la colocaci\u00f3n de pantallas LED sobre la Ruta 83S, en el camino al hospital. El encendido oficial de esta obra se llevar\u00e1 a cabo el lunes 11 de agosto, a las 20 horas, y contar\u00e1 con la presencia de Pablo Seghezzo, administrador de Vialidad Provincial.<\/p>\n<p>Adem\u00e1s, avanzan las tareas de cord\u00f3n cuneta en el barrio San Cayetano, mientras que junto a Vialidad Provincial se contin\u00faa con la reparaci\u00f3n de caminos comunales, especialmente en el kil\u00f3metro 27 y en la Ruta 83S.<\/p>\n<p>Tambi\u00e9n se realizaron trabajos de saneamiento y limpieza de desag\u00fces en todo el ejido urbano, y se llev\u00f3 a cabo el mantenimiento de la calzada natural en el kil\u00f3metro 55.<\/p>\n<p>Nicola agradeci\u00f3 a los operarios por su dedicaci\u00f3n y a los vecinos por el acompa\u00f1amiento en cada iniciativa.<\/p>\n","protected":false},"excerpt":{"rendered":"<p>El presidente comunal de La Gallareta, Fernando Nicola, destac\u00f3 que la \u00faltima semana fue \u201cmuy productiva\u201d en materia de obras y servicios para la comunidad. Entre los trabajos realizados se encuentra la finalizaci\u00f3n del cableado y la colocaci\u00f3n de pantallas LED sobre la Ruta 83S, en el camino al hospital. El encendido oficial de esta [&hellip;]<\/p>\n","protected":false},"author":3,"featured_media":65232,"comment_status":"closed","ping_status":"closed","sticky":false,"template":"","format":"standard","meta":{"_joinchat":[],"footnotes":""},"categories":[51,29],"tags":[],"class_list":{"0":"post-65231","1":"post","2":"type-post","3":"status-publish","4":"format-standard","5":"has-post-thumbnail","7":"category-locales","8":"category-obras"},"_links":{"self":[{"href":"https:\/\/infovera.com.ar\/web\/wp-json\/wp\/v2\/posts\/65231","targetHints":{"allow":["GET"]}}],"collection":[{"href":"https:\/\/infovera.com.ar\/web\/wp-json\/wp\/v2\/posts"}],"about":[{"href":"https:\/\/infovera.com.ar\/web\/wp-json\/wp\/v2\/types\/post"}],"author":[{"embeddable":true,"href":"https:\/\/infovera.com.ar\/web\/wp-json\/wp\/v2\/users\/3"}],"replies":[{"embeddable":true,"href":"https:\/\/infovera.com.ar\/web\/wp-json\/wp\/v2\/comments?post=65231"}],"version-history":[{"count":0,"href":"https:\/\/infovera.com.ar\/web\/wp-json\/wp\/v2\/posts\/65231\/revisions"}],"wp:featuredmedia":[{"embeddable":true,"href":"https:\/\/infovera.com.ar\/web\/wp-json\/wp\/v2\/media\/65232"}],"wp:attachment":[{"href":"https:\/\/infovera.com.ar\/web\/wp-json\/wp\/v2\/media?parent=65231"}],"wp:term":[{"taxonomy":"category","embeddable":true,"href":"https:\/\/infovera.com.ar\/web\/wp-json\/wp\/v2\/categories?post=65231"},{"taxonomy":"post_tag","embeddable":true,"href":"https:\/\/infovera.com.ar\/web\/wp-json\/wp\/v2\/tags?post=65231"}],"curies":[{"name":"wp","href":"https:\/\/api.w.org\/{rel}","templated":true}]}}