{"id":65013,"date":"2025-07-30T17:21:00","date_gmt":"2025-07-30T20:21:00","guid":{"rendered":"https:\/\/infovera.com.ar\/web\/?p=65013"},"modified":"2025-07-31T18:00:03","modified_gmt":"2025-07-31T21:00:03","slug":"hospital-de-vera-provincia-refuerza-la-capacidad-diagnostica-con-una-obra-clave-en-el-laboratorio","status":"publish","type":"post","link":"https:\/\/infovera.com.ar\/web\/2025\/07\/30\/hospital-de-vera-provincia-refuerza-la-capacidad-diagnostica-con-una-obra-clave-en-el-laboratorio\/","title":{"rendered":"Hospital de Vera: Provincia refuerza la capacidad diagn\u00f3stica con una obra clave en el laboratorio"},"content":{"rendered":"<p><strong>La ministra de Salud Silvia Ciancio supervis\u00f3 los trabajos de readecuaci\u00f3n integral del servicio, una mejora que era esperada y ahora se concreta con fondos provinciales. La jornada destac\u00f3 tambi\u00e9n la articulaci\u00f3n entre el gobierno provincial y la Municipalidad de Vera para seguir fortaleciendo la salud p\u00fablica.<\/strong><\/p>\n<p>La implementaci\u00f3n del Programa Fonres (Fondo para la Reparaci\u00f3n de Efectores de Salud) avanza en el Departamento Vera con la refacci\u00f3n integral del servicio de Laboratorio del Hospital Regional ubicado en esa localidad.<\/p>\n<p><strong>La ministra de Salud, Silvia Ciancio, visit\u00f3 este mi\u00e9rcoles el efector para supervisar el avance de los trabajos,<\/strong> continuando con una agenda que hab\u00eda comenzado el d\u00eda anterior con recorridas por distintos centros de salud y Samco de la Cu\u00f1a Boscosa; y que tambi\u00e9n incluy\u00f3 un encuentro con la intendenta de Vera, Paula Mitre.<\/p>\n<p>\u201cVenimos recorriendo y conociendo de primera mano a los equipos de salud del departamento Vera, una marca que distingue al gobierno de Maximiliano Pullaro, y que era una visita que hab\u00edamos prometido. Es notable lo que hace la Regi\u00f3n de Salud de Reconquista. Hay un contenido que este equipo le ha puesto al trabajo territorial que merece destacarse porque hace una diferencia enorme en la gesti\u00f3n&#8221;, se\u00f1al\u00f3 Ciancio.<\/p>\n<p>En relaci\u00f3n al Hospital de Vera, remarc\u00f3 que desde el Ministerio se acompa\u00f1a la tarea del equipo de direcci\u00f3n para ordenar y mejorar procesos, lo que por ejemplo ha permitido incrementar las horas de atenci\u00f3n de pediatr\u00eda \u201cy empezar a construir juntos un hospital que sea todav\u00eda m\u00e1s receptivo, articulado con el resto de la regi\u00f3n, en base a una planificaci\u00f3n sanitaria\u201d.<\/p>\n<p>Por su parte, la intendenta Paula Mitre celebr\u00f3 el encuentro posterior en la Municipalidad: \u201cHoy nos convoca la salud, con parte del gabinete provincial y con quienes est\u00e1n al frente del hospital, abordando las necesidades que tenemos en nuestra ciudad y distrito. Destacamos esta forma de trabajo que nos permite proyectarnos con metas claras y brindar a nuestra comunidad la salud de calidad que merece&#8221;.<\/p>\n<p><strong>M\u00e1s eficiente y accesible<\/strong><\/p>\n<p>La directora del hospital, Carola Neuman, subray\u00f3 que la mejora que se financia con el Programa Fonres es la reestructuraci\u00f3n y adecuaci\u00f3n del laboratorio, que en sus 75 a\u00f1os de historia no hab\u00eda recibido ninguna intervenci\u00f3n de este tipo. Adem\u00e1s, precis\u00f3 que \u201cactualmente, en este laboratorio se procesan unas 1.000 determinaciones por d\u00eda, tanto de pacientes ambulatorios como de internaci\u00f3n, urgencias y consultorios externos, incluyendo \u00e1reas como pediatr\u00eda, maternidad y cl\u00ednica m\u00e9dica, adem\u00e1s de personas derivadas desde localidades cercanas. El servicio funciona con bioqu\u00edmicos que cubren guardias activas y pasivas para garantizar atenci\u00f3n las 24 horas\u201d.<\/p>\n<p><strong>Entre los cambios que introduce la obra, Neuman destac\u00f3 que facilitar\u00e1 la circulaci\u00f3n segura de los pacientes y las muestras, que antes ingresaban por la sala de extracci\u00f3n, en vez de la administrativa, que ahora ser\u00e1 reubicada dentro del mismo sector.<\/strong> \u201cAhora habr\u00e1 una organizaci\u00f3n m\u00e1s eficiente, con admisi\u00f3n y extracci\u00f3n bien diferenciadas, y las muestras llegar\u00e1n directamente a donde est\u00e1n los bioqu\u00edmicos y el equipamiento. Tambi\u00e9n se est\u00e1n adecuando las puertas para personas con discapacidad, lo que har\u00e1 del laboratorio un espacio m\u00e1s accesible e inclusivo\u201d, remarc\u00f3.<\/p>\n<p>De la visita al hospital y la reuni\u00f3n posterior participaron el diputado provincial Sergio \u201cChiqui\u201d Rojas; el secretario de Gesti\u00f3n y Fortalecimiento Territorial, Gonzalo Chiesa; la subsecretaria de Asuntos Electorales y Vinculaci\u00f3n Territorial, Juliana Caillat; el director provincial de Emergencias, Esteban Ledesma; el director de la Delegaci\u00f3n Regional Reconquista, Oscar Duarte; y la directora de la Regi\u00f3n de Salud \u2013 Nodo Reconquista, Luciana Ramoa. Tambi\u00e9n participaron la directora del hospital, Carola Neuman, y equipos t\u00e9cnicos del SIES 107 y de salud mental.<\/p>\n<p><strong>Fonres, tambi\u00e9n en La Gallareta<\/strong><\/p>\n<p>La agenda de la ministra continu\u00f3 despu\u00e9s en horas del mediod\u00eda, en el Samco de La Gallareta, donde recorri\u00f3 el edificio junto al presidente comunal, Fernando Nicola; y la nueva directora, la enfermera Jimena Brizzio. All\u00ed, tambi\u00e9n con recursos del Programa Fonres, se reformar\u00e1 el acceso de urgencias. Se demoler\u00e1 un muro entre enfermer\u00eda y consultorio para refuncionalizar el espacio, se colocar\u00e1n aberturas, se har\u00e1 la reparaci\u00f3n de paredes y piso, revestimiento y las mejoras correspondientes en la instalaci\u00f3n el\u00e9ctrica y de agua. \u201cLa visita de la ministra es un hecho hist\u00f3rico para nosotros y nos alienta en esta nueva etapa que iniciamos en marzo, cuando asum\u00ed la direcci\u00f3n, con mucha responsabilidad para mejorar cada d\u00eda la atenci\u00f3n que brindamos en La Gallareta\u201d, indic\u00f3 la directora.<\/p>\n<p><a href=\"https:\/\/infovera.com.ar\/web\/wp-content\/uploads\/2025\/07\/hos-la.png\"><img loading=\"lazy\" decoding=\"async\" class=\"alignleft size-full wp-image-65015\" src=\"https:\/\/infovera.com.ar\/web\/wp-content\/uploads\/2025\/07\/hos-la.png\" alt=\"\" width=\"1120\" height=\"630\" srcset=\"https:\/\/infovera.com.ar\/web\/wp-content\/uploads\/2025\/07\/hos-la.png 1120w, https:\/\/infovera.com.ar\/web\/wp-content\/uploads\/2025\/07\/hos-la-696x392.png 696w, https:\/\/infovera.com.ar\/web\/wp-content\/uploads\/2025\/07\/hos-la-1068x601.png 1068w, https:\/\/infovera.com.ar\/web\/wp-content\/uploads\/2025\/07\/hos-la-747x420.png 747w\" sizes=\"auto, (max-width: 1120px) 100vw, 1120px\" \/><\/a><\/p>\n","protected":false},"excerpt":{"rendered":"<p>La ministra de Salud Silvia Ciancio supervis\u00f3 los trabajos de readecuaci\u00f3n integral del servicio, una mejora que era esperada y ahora se concreta con fondos provinciales. La jornada destac\u00f3 tambi\u00e9n la articulaci\u00f3n entre el gobierno provincial y la Municipalidad de Vera para seguir fortaleciendo la salud p\u00fablica. La implementaci\u00f3n del Programa Fonres (Fondo para la [&hellip;]<\/p>\n","protected":false},"author":3,"featured_media":65014,"comment_status":"closed","ping_status":"closed","sticky":false,"template":"","format":"standard","meta":{"_joinchat":[],"footnotes":""},"categories":[37,53],"tags":[],"class_list":{"0":"post-65013","1":"post","2":"type-post","3":"status-publish","4":"format-standard","5":"has-post-thumbnail","7":"category-salud","8":"category-vera"},"_links":{"self":[{"href":"https:\/\/infovera.com.ar\/web\/wp-json\/wp\/v2\/posts\/65013","targetHints":{"allow":["GET"]}}],"collection":[{"href":"https:\/\/infovera.com.ar\/web\/wp-json\/wp\/v2\/posts"}],"about":[{"href":"https:\/\/infovera.com.ar\/web\/wp-json\/wp\/v2\/types\/post"}],"author":[{"embeddable":true,"href":"https:\/\/infovera.com.ar\/web\/wp-json\/wp\/v2\/users\/3"}],"replies":[{"embeddable":true,"href":"https:\/\/infovera.com.ar\/web\/wp-json\/wp\/v2\/comments?post=65013"}],"version-history":[{"count":0,"href":"https:\/\/infovera.com.ar\/web\/wp-json\/wp\/v2\/posts\/65013\/revisions"}],"wp:featuredmedia":[{"embeddable":true,"href":"https:\/\/infovera.com.ar\/web\/wp-json\/wp\/v2\/media\/65014"}],"wp:attachment":[{"href":"https:\/\/infovera.com.ar\/web\/wp-json\/wp\/v2\/media?parent=65013"}],"wp:term":[{"taxonomy":"category","embeddable":true,"href":"https:\/\/infovera.com.ar\/web\/wp-json\/wp\/v2\/categories?post=65013"},{"taxonomy":"post_tag","embeddable":true,"href":"https:\/\/infovera.com.ar\/web\/wp-json\/wp\/v2\/tags?post=65013"}],"curies":[{"name":"wp","href":"https:\/\/api.w.org\/{rel}","templated":true}]}}