{"id":65003,"date":"2025-07-30T18:03:29","date_gmt":"2025-07-30T21:03:29","guid":{"rendered":"https:\/\/infovera.com.ar\/web\/?p=65003"},"modified":"2025-07-31T18:35:54","modified_gmt":"2025-07-31T21:35:54","slug":"vera-inauguro-un-dispositivo-regional-de-prevencion-y-acompanamiento-en-adicciones-con-fuerte-respaldo-provincial","status":"publish","type":"post","link":"https:\/\/infovera.com.ar\/web\/2025\/07\/30\/vera-inauguro-un-dispositivo-regional-de-prevencion-y-acompanamiento-en-adicciones-con-fuerte-respaldo-provincial\/","title":{"rendered":"Vera inaugur\u00f3 un Dispositivo Regional de Prevenci\u00f3n y Acompa\u00f1amiento en Adicciones con fuerte respaldo provincial"},"content":{"rendered":"<p><strong>La Municipalidad de Vera y la Agencia Provincial de Prevenci\u00f3n del Consumo de Drogas y Tratamiento Integral de las Adicciones (APRECOD) pusieron en marcha un nuevo centro del programa \u201cAcompa\u00f1arte\u201d, con presencia de autoridades locales y provinciales.<\/strong><\/p>\n<p>En un acto cargado de emoci\u00f3n y compromiso, la ciudad de Vera inaugur\u00f3 este martes un nuevo Dispositivo Regional de Prevenci\u00f3n y Acompa\u00f1amiento en Adicciones, que brindar\u00e1 atenci\u00f3n integral a personas con consumos problem\u00e1ticos del departamento Vera y zonas aleda\u00f1as. Se trata del dispositivo n\u00famero 11 del programa \u201cAcompa\u00f1arte\u201d, impulsado por el gobierno de la provincia de Santa Fe a trav\u00e9s de la APRECOD.<\/p>\n<p>La intendente, Paula Mitre abri\u00f3 el acto se\u00f1alando la urgencia de abordar esta problem\u00e1tica: \u201cLas estad\u00edsticas nos muestran un aumento preocupante en los niveles de consumo, tanto a nivel local como provincial y nacional. En Vera, las alarmas se encendieron cuando vecinos comenzaron a acercarse a nuestras \u00e1reas sociales y de salud en busca de ayuda, ah\u00ed comprendimos que deb\u00edamos replantear nuestras prioridades\u201d.<\/p>\n<p>Mitre agradeci\u00f3 el respaldo del gobierno provincial y explic\u00f3 que el nuevo centro fue acondicionado especialmente para ofrecer un espacio c\u00e1lido y emp\u00e1tico: \u201cEste lugar no es solo para recibir un tratamiento, sino para generar un sentimiento de pertenencia y acompa\u00f1amiento para la persona y su grupo familiar. Formamos un equipo de excelencia con psiquiatra, psic\u00f3logos, trabajadora social y talleristas, que trabajar\u00e1 en estrategias de fortalecimiento personal y en la construcci\u00f3n de proyectos de vida que muchas veces se ven truncados por las adicciones\u201d, sostuvo.<\/p>\n<p>\u201cEste espacio visibiliza una problem\u00e1tica que duele, pero tambi\u00e9n ofrece esperanza. Hoy abrimos una puerta que muchos estaban necesitando\u201d, concluy\u00f3 la intendente.<\/p>\n<p>Por su parte, el secretario de la APRECOD, Luciano Sciarra, destac\u00f3 la decisi\u00f3n pol\u00edtica que permiti\u00f3 la creaci\u00f3n de este tipo de dispositivos en toda la provincia: \u201cHace un a\u00f1o pusimos en marcha este programa con el desaf\u00edo de que haya un dispositivo p\u00fablico en cada departamento. Hoy, con este en Vera, ya son 11. Y no es casualidad: esto es el resultado de una firme voluntad pol\u00edtica del gobernador Maximiliano Pullaro y del compromiso de intendentes como Paula, que decidieron hacerse cargo de un problema complejo y muchas veces evitado&#8221;.<\/p>\n<p>Tambi\u00e9n particip\u00f3 del acto el secretario de Desarrollo Territorial de la provincia, Sergio Basile, quien transmiti\u00f3 el saludo de la ministra Victoria Tejeda y valor\u00f3 el trabajo conjunto entre municipio, provincia e instituciones intermedias: \u201cEste centro representa simb\u00f3licamente esa mano en el hombro que no empuja ni aparta, sino que acompa\u00f1a. Cada persona atraviesa esta situaci\u00f3n de forma particular y por eso es necesario un abordaje integral, colectivo y sostenido&#8221;.<\/p>\n<p>Basile remarc\u00f3 adem\u00e1s el rol clave que tendr\u00e1n las instituciones sociales, clubes, escuelas y fuerzas de seguridad en el funcionamiento del dispositivo: \u201cLo m\u00e1s dif\u00edcil de hablar de consumos problem\u00e1ticos es hacerlo solo. Hoy Vera tiene un lugar para hacerlo en comunidad, con equipos profesionales y herramientas concretas&#8221;.<\/p>\n<p>Con esta inauguraci\u00f3n, la ciudad de Vera se convierte en un nodo estrat\u00e9gico para la atenci\u00f3n y prevenci\u00f3n en adicciones en el norte santafesino. El centro ofrecer\u00e1 atenci\u00f3n individual, talleres, contenci\u00f3n familiar y articulaci\u00f3n con organismos de salud y desarrollo humano.<\/p>\n<p><a href=\"https:\/\/infovera.com.ar\/web\/wp-content\/uploads\/2025\/07\/vera-apre-1.jpg\"><img loading=\"lazy\" decoding=\"async\" class=\"alignleft size-full wp-image-65006\" src=\"https:\/\/infovera.com.ar\/web\/wp-content\/uploads\/2025\/07\/vera-apre-1.jpg\" alt=\"\" width=\"2560\" height=\"1920\" srcset=\"https:\/\/infovera.com.ar\/web\/wp-content\/uploads\/2025\/07\/vera-apre-1.jpg 2560w, https:\/\/infovera.com.ar\/web\/wp-content\/uploads\/2025\/07\/vera-apre-1-696x522.jpg 696w, https:\/\/infovera.com.ar\/web\/wp-content\/uploads\/2025\/07\/vera-apre-1-1068x801.jpg 1068w, https:\/\/infovera.com.ar\/web\/wp-content\/uploads\/2025\/07\/vera-apre-1-560x420.jpg 560w, https:\/\/infovera.com.ar\/web\/wp-content\/uploads\/2025\/07\/vera-apre-1-80x60.jpg 80w, https:\/\/infovera.com.ar\/web\/wp-content\/uploads\/2025\/07\/vera-apre-1-265x198.jpg 265w\" sizes=\"auto, (max-width: 2560px) 100vw, 2560px\" \/><\/a><\/p>\n","protected":false},"excerpt":{"rendered":"<p>La Municipalidad de Vera y la Agencia Provincial de Prevenci\u00f3n del Consumo de Drogas y Tratamiento Integral de las Adicciones (APRECOD) pusieron en marcha un nuevo centro del programa \u201cAcompa\u00f1arte\u201d, con presencia de autoridades locales y provinciales. En un acto cargado de emoci\u00f3n y compromiso, la ciudad de Vera inaugur\u00f3 este martes un nuevo Dispositivo [&hellip;]<\/p>\n","protected":false},"author":3,"featured_media":65005,"comment_status":"closed","ping_status":"closed","sticky":false,"template":"","format":"standard","meta":{"_joinchat":[],"footnotes":""},"categories":[37,53],"tags":[],"class_list":{"0":"post-65003","1":"post","2":"type-post","3":"status-publish","4":"format-standard","5":"has-post-thumbnail","7":"category-salud","8":"category-vera"},"_links":{"self":[{"href":"https:\/\/infovera.com.ar\/web\/wp-json\/wp\/v2\/posts\/65003","targetHints":{"allow":["GET"]}}],"collection":[{"href":"https:\/\/infovera.com.ar\/web\/wp-json\/wp\/v2\/posts"}],"about":[{"href":"https:\/\/infovera.com.ar\/web\/wp-json\/wp\/v2\/types\/post"}],"author":[{"embeddable":true,"href":"https:\/\/infovera.com.ar\/web\/wp-json\/wp\/v2\/users\/3"}],"replies":[{"embeddable":true,"href":"https:\/\/infovera.com.ar\/web\/wp-json\/wp\/v2\/comments?post=65003"}],"version-history":[{"count":0,"href":"https:\/\/infovera.com.ar\/web\/wp-json\/wp\/v2\/posts\/65003\/revisions"}],"wp:featuredmedia":[{"embeddable":true,"href":"https:\/\/infovera.com.ar\/web\/wp-json\/wp\/v2\/media\/65005"}],"wp:attachment":[{"href":"https:\/\/infovera.com.ar\/web\/wp-json\/wp\/v2\/media?parent=65003"}],"wp:term":[{"taxonomy":"category","embeddable":true,"href":"https:\/\/infovera.com.ar\/web\/wp-json\/wp\/v2\/categories?post=65003"},{"taxonomy":"post_tag","embeddable":true,"href":"https:\/\/infovera.com.ar\/web\/wp-json\/wp\/v2\/tags?post=65003"}],"curies":[{"name":"wp","href":"https:\/\/api.w.org\/{rel}","templated":true}]}}