{"id":65000,"date":"2025-07-30T17:55:27","date_gmt":"2025-07-30T20:55:27","guid":{"rendered":"https:\/\/infovera.com.ar\/web\/?p=65000"},"modified":"2025-07-30T17:55:27","modified_gmt":"2025-07-30T20:55:27","slug":"policias-le-salvaron-la-vida-a-un-nene-que-se-estaba-asfixiando","status":"publish","type":"post","link":"https:\/\/infovera.com.ar\/web\/2025\/07\/30\/policias-le-salvaron-la-vida-a-un-nene-que-se-estaba-asfixiando\/","title":{"rendered":"Polic\u00edas le salvaron la vida a un nene que se estaba asfixiando"},"content":{"rendered":"<p><strong>En la tarde de ayer, el subinspector Emiliano Mor\u00e1n y los suboficiales de Polic\u00eda Cintia Avenda\u00f1o y Rebeca Bar\u00fa, lograron asistir mediante eficientes maniobras y apropiadas tareas espec\u00edficas de Reanimaci\u00f3n Cardiopulmonar (RCP) a un ni\u00f1o de 3 a\u00f1os.<\/strong><\/p>\n<p>Momentos antes, los actuantes cumplimentaban sus labores en la sede de<br \/>\nla Unidad Operativa Regional 1 de la urbe reconquistense, cuando arrib\u00f3<br \/>\nuna mujer con un peque\u00f1o entre sus brazos, quien expres\u00f3 ser la madre<br \/>\ndel menor y tambi\u00e9n manifestar\u00eda acerca de que el peque\u00f1o se encontrar\u00eda<br \/>\ninconsciente y con dificultades respiratorias<\/p>\n<p>Ante tales circunstancias, y con la urgencia del caso, los agentes<br \/>\nadvirtieron un evidente estado de inquietud y preocupaci\u00f3n en la mam\u00e1,<br \/>\nquien les solicit\u00f3 ayuda porque su hijo estar\u00eda descompensado y<br \/>\npresentar\u00eda\u00a0 s\u00edntomas de asfixia, ahogamiento y sin signos vitales,<br \/>\nseg\u00fan pudieron advertir al observar al menor en un instante de extrema<br \/>\ntensi\u00f3n.<\/p>\n<p>Por tales motivos, y con la premura que requer\u00eda la ingrata situaci\u00f3n,<br \/>\nr\u00e1pidamente los polic\u00edas de la Guardia Provincial activaron el protocolo<br \/>\nde primeros auxilios para la ocasi\u00f3n, acorde a sus conocimientos<br \/>\nadquiridos en sus formaciones policiales, y comenzaron a efectuarle<br \/>\nasistencia y propicias maniobras de RCP al peque\u00f1o, una vez activada la<br \/>\nsolicitud urgente de una ambulancia.<\/p>\n<p>Gracias al preciso y profesional accionar, afortunadamente el ni\u00f1o<br \/>\nvolvi\u00f3 en s\u00ed y respondi\u00f3 favorablemente, lo que permiti\u00f3 retomar su<br \/>\nrespiraci\u00f3n para satisfacci\u00f3n de su madre y de los agentes. Asimismo,<br \/>\nuna vez que pudieron controlarle su estado de salud, con balizas y<br \/>\nsirena activadas los uniformados procedieron con el traslado del ni\u00f1o y<br \/>\nla mujer, hasta el Hospital Central de Reconquista.<\/p>\n<p>Arribados hasta el efector p\u00fablico, los profesionales sanitarios los<br \/>\nrecibieron y prontamente atendieron al infante. Cabe mencionar que el<br \/>\ndoctor policial que lo asisti\u00f3 y dem\u00e1s integrantes del nosocomio,<br \/>\nindicar\u00edan que gracias a la pronta intervenci\u00f3n de los actuantes, el<br \/>\nmenor pudo recuperar sus condiciones respiratorias. Asimismo, la madre<br \/>\nagradeci\u00f3 a los polic\u00edas por todo lo realizado.<\/p>\n","protected":false},"excerpt":{"rendered":"<p>En la tarde de ayer, el subinspector Emiliano Mor\u00e1n y los suboficiales de Polic\u00eda Cintia Avenda\u00f1o y Rebeca Bar\u00fa, lograron asistir mediante eficientes maniobras y apropiadas tareas espec\u00edficas de Reanimaci\u00f3n Cardiopulmonar (RCP) a un ni\u00f1o de 3 a\u00f1os. Momentos antes, los actuantes cumplimentaban sus labores en la sede de la Unidad Operativa Regional 1 de [&hellip;]<\/p>\n","protected":false},"author":3,"featured_media":65001,"comment_status":"closed","ping_status":"closed","sticky":false,"template":"","format":"standard","meta":{"_joinchat":[],"footnotes":""},"categories":[55,61],"tags":[],"class_list":{"0":"post-65000","1":"post","2":"type-post","3":"status-publish","4":"format-standard","5":"has-post-thumbnail","7":"category-reconquista","8":"category-regionales"},"_links":{"self":[{"href":"https:\/\/infovera.com.ar\/web\/wp-json\/wp\/v2\/posts\/65000","targetHints":{"allow":["GET"]}}],"collection":[{"href":"https:\/\/infovera.com.ar\/web\/wp-json\/wp\/v2\/posts"}],"about":[{"href":"https:\/\/infovera.com.ar\/web\/wp-json\/wp\/v2\/types\/post"}],"author":[{"embeddable":true,"href":"https:\/\/infovera.com.ar\/web\/wp-json\/wp\/v2\/users\/3"}],"replies":[{"embeddable":true,"href":"https:\/\/infovera.com.ar\/web\/wp-json\/wp\/v2\/comments?post=65000"}],"version-history":[{"count":0,"href":"https:\/\/infovera.com.ar\/web\/wp-json\/wp\/v2\/posts\/65000\/revisions"}],"wp:featuredmedia":[{"embeddable":true,"href":"https:\/\/infovera.com.ar\/web\/wp-json\/wp\/v2\/media\/65001"}],"wp:attachment":[{"href":"https:\/\/infovera.com.ar\/web\/wp-json\/wp\/v2\/media?parent=65000"}],"wp:term":[{"taxonomy":"category","embeddable":true,"href":"https:\/\/infovera.com.ar\/web\/wp-json\/wp\/v2\/categories?post=65000"},{"taxonomy":"post_tag","embeddable":true,"href":"https:\/\/infovera.com.ar\/web\/wp-json\/wp\/v2\/tags?post=65000"}],"curies":[{"name":"wp","href":"https:\/\/api.w.org\/{rel}","templated":true}]}}