{"id":64997,"date":"2025-07-30T13:15:46","date_gmt":"2025-07-30T16:15:46","guid":{"rendered":"https:\/\/infovera.com.ar\/web\/?p=64997"},"modified":"2025-07-30T13:15:46","modified_gmt":"2025-07-30T16:15:46","slug":"firma-de-convenio-por-becas-culturales","status":"publish","type":"post","link":"https:\/\/infovera.com.ar\/web\/2025\/07\/30\/firma-de-convenio-por-becas-culturales\/","title":{"rendered":"Firma de convenio por becas culturales"},"content":{"rendered":"<p><strong>En las instalaciones del CIC de La Gallareta, el presidente de comuna Fernando Nicola, junto al director de Fortalecimiento Territorial de la UNL, Nadir Saade, llevaron a cabo la firma del Convenio de adhesi\u00f3n al Fondo Regional Concursable de Becas &#8220;CreArte Litoral&#8221;.<\/strong><\/p>\n<p>Contando con la presencia de Mirian Barbero, miembro de Comisi\u00f3n Comunal, la Prof. Olga Godoy, responsable de Educaci\u00f3n y numerosos artistas, emprendedores y artesanos locales, se desarroll\u00f3 posteriormente la charla informativa en la que se brind\u00f3 explicaci\u00f3n sobre inscripci\u00f3n; pautas del concurso y orientaci\u00f3n para la elaboraci\u00f3n del Proyecto a presentar.<\/p>\n<p>La inscripci\u00f3n al Concurso iniciar\u00e1 el viernes 1 de agosto de forma online a trav\u00e9s del link <a href=\"https:\/\/www.unl.edu.ar\/creartelitoral\">https:\/\/www.unl.edu.ar\/creartelitoral<\/a><\/p>\n","protected":false},"excerpt":{"rendered":"<p>En las instalaciones del CIC de La Gallareta, el presidente de comuna Fernando Nicola, junto al director de Fortalecimiento Territorial de la UNL, Nadir Saade, llevaron a cabo la firma del Convenio de adhesi\u00f3n al Fondo Regional Concursable de Becas &#8220;CreArte Litoral&#8221;. Contando con la presencia de Mirian Barbero, miembro de Comisi\u00f3n Comunal, la Prof. [&hellip;]<\/p>\n","protected":false},"author":3,"featured_media":64998,"comment_status":"closed","ping_status":"closed","sticky":false,"template":"","format":"standard","meta":{"_joinchat":[],"footnotes":""},"categories":[40,51],"tags":[],"class_list":{"0":"post-64997","1":"post","2":"type-post","3":"status-publish","4":"format-standard","5":"has-post-thumbnail","7":"category-cultura","8":"category-locales"},"_links":{"self":[{"href":"https:\/\/infovera.com.ar\/web\/wp-json\/wp\/v2\/posts\/64997","targetHints":{"allow":["GET"]}}],"collection":[{"href":"https:\/\/infovera.com.ar\/web\/wp-json\/wp\/v2\/posts"}],"about":[{"href":"https:\/\/infovera.com.ar\/web\/wp-json\/wp\/v2\/types\/post"}],"author":[{"embeddable":true,"href":"https:\/\/infovera.com.ar\/web\/wp-json\/wp\/v2\/users\/3"}],"replies":[{"embeddable":true,"href":"https:\/\/infovera.com.ar\/web\/wp-json\/wp\/v2\/comments?post=64997"}],"version-history":[{"count":0,"href":"https:\/\/infovera.com.ar\/web\/wp-json\/wp\/v2\/posts\/64997\/revisions"}],"wp:featuredmedia":[{"embeddable":true,"href":"https:\/\/infovera.com.ar\/web\/wp-json\/wp\/v2\/media\/64998"}],"wp:attachment":[{"href":"https:\/\/infovera.com.ar\/web\/wp-json\/wp\/v2\/media?parent=64997"}],"wp:term":[{"taxonomy":"category","embeddable":true,"href":"https:\/\/infovera.com.ar\/web\/wp-json\/wp\/v2\/categories?post=64997"},{"taxonomy":"post_tag","embeddable":true,"href":"https:\/\/infovera.com.ar\/web\/wp-json\/wp\/v2\/tags?post=64997"}],"curies":[{"name":"wp","href":"https:\/\/api.w.org\/{rel}","templated":true}]}}