{"id":64992,"date":"2025-07-30T12:01:47","date_gmt":"2025-07-30T15:01:47","guid":{"rendered":"https:\/\/infovera.com.ar\/web\/?p=64992"},"modified":"2025-07-31T18:00:33","modified_gmt":"2025-07-31T21:00:33","slug":"ciancio-recorrio-localidades-de-la-cuna-boscosa-y-destaco-el-trabajo-territorial","status":"publish","type":"post","link":"https:\/\/infovera.com.ar\/web\/2025\/07\/30\/ciancio-recorrio-localidades-de-la-cuna-boscosa-y-destaco-el-trabajo-territorial\/","title":{"rendered":"Ciancio recorri\u00f3 localidades de la Cu\u00f1a Boscosa y destac\u00f3 el trabajo territorial"},"content":{"rendered":"<p><strong>La ministra visit\u00f3 centros de atenci\u00f3n primaria y hospitales de seis localidades. La agenda incluy\u00f3 reuniones con equipos locales, el seguimiento de mejoras que se realizan con fondos provinciales y el fortalecimiento de la red de emergencias.<\/strong><\/p>\n<p>Con una agenda de trabajo en Garabato, Intiyaco, Golondrina, Ca\u00f1ada Omb\u00fa, Los Amores y Fort\u00edn Olmos, la ministra de Salud, Silvia Ciancio, visit\u00f3 esas localidades para dialogar con el personal y referentes locales.\u00a0La ministra se\u00f1al\u00f3 que se abordaron distintas situaciones en cada efector, y que los ejes fueron el fortalecimiento de toda la red de atenci\u00f3n en la zona y la implementaci\u00f3n del Programa Fonres (Fondo para la Reparaci\u00f3n de Efectores).<\/p>\n<p>&#8220;Un denominador com\u00fan es la fortaleza de los equipos de salud, que siempre tienen ganas de mejorar y con los que nos comprometemos a gestionar esos procesos, en funci\u00f3n de un criterio sanitario. Esta cercan\u00eda y esta forma de trabajo es una marca del gobierno que encabeza nuestro gobernador Maximiliano Pullaro y por eso estamos aqu\u00ed, junto al equipo de la Regi\u00f3n de Salud&#8221;, indic\u00f3 la ministra.<\/p>\n<p>El segundo objetivo de la recorrida, explic\u00f3 &#8220;es seguir fortaleciendo la red de emergencias y traslados a partir de cada uno de estos efectores, con un punto de derivaci\u00f3n que debe priorizar la cercan\u00eda, a trav\u00e9s de un camino que debe ser ordenado de manera institucional y sanitaria\u201d.<\/p>\n<p>En las actividades, estuvo acompa\u00f1ada por el diputado provincial, Sergio &#8220;Chiqui&#8221; Rojas; el secretario de Gesti\u00f3n y Fortalecimiento Territorial, Gonzalo Chiesa; el director provincial de Emergencias, Esteban Ledesma; y la directora de la Regi\u00f3n de Salud &#8211; Nodo Reconquista, Luciana Ramoa, junto a su equipo de coordinadores del SIES 107 y salud mental, entre otros.<\/p>\n<p><strong>Garabato, Intiyaco y Golondrina<\/strong><\/p>\n<p>En la Regi\u00f3n de Salud &#8211; Nodo Reconquista se tramitan fondos y se encuentran en marcha tareas en centros de salud, hospitales, Samco y espacios de trabajo del SIES 107, como el Centro Operativo Territorial (Cot) inaugurado recientemente en Villa Ocampo.<\/p>\n<p><strong>En Garabato, la ministra visit\u00f3 el\u00a0Samco donde se encuentra operativa una de las ambulancias 4&#215;4 que compr\u00f3 el gobierno provincia<\/strong>l y que se incorpor\u00f3 para traslado de pacientes despu\u00e9s de dos a\u00f1os que el efector llevaba sin contar con ese recurso. Junto al presidente comunal, Luis Mu\u00f1oz, y el director del efector, Alberto De Martin; recorrieron el edificio que pronto recibir\u00e1 fondos del Programa Fonres para iniciar mejoras. All\u00ed el equipo se reforz\u00f3 con un cargo m\u00e9dico, una psic\u00f3loga y ecografista, que se sumaron para trabajar de manera interdisciplinaria.<\/p>\n<p><strong>La agenda continu\u00f3 en el Hospital Dr Luis Bentos, en Intiyaco, con la presencia del director Diego Mart\u00ednez.<\/strong> En la recorrida por las instalaciones se observaron las reparaciones que ser\u00e1n financiadas con un programa Fonres para dar soluci\u00f3n a filtraciones y humedad en cielorrasos.<\/p>\n<p><strong>Tambi\u00e9n con este programa se ejecutan mejoras en el centro de salud de Golondrina,<\/strong> donde un sector ya presenta mejoras notables en el cielorraso y las paredes, la instalaci\u00f3n el\u00e9ctrica, plomer\u00eda y pintura general; y en los pr\u00f3ximos d\u00edas se continuar\u00e1 trabajando en otro sector.\u00a0En un edificio continuo -con otro fondo Fonres- se reparar\u00e1n techos, cielorrasos, paredes y pisos, y se hacen tareas de plomer\u00eda para poner en condiciones el Cot del 107.<\/p>\n<p><a href=\"https:\/\/infovera.com.ar\/web\/wp-content\/uploads\/2025\/07\/cian-1.png\"><img loading=\"lazy\" decoding=\"async\" class=\"alignleft size-full wp-image-64994\" src=\"https:\/\/infovera.com.ar\/web\/wp-content\/uploads\/2025\/07\/cian-1.png\" alt=\"\" width=\"870\" height=\"580\" srcset=\"https:\/\/infovera.com.ar\/web\/wp-content\/uploads\/2025\/07\/cian-1.png 870w, https:\/\/infovera.com.ar\/web\/wp-content\/uploads\/2025\/07\/cian-1-696x464.png 696w, https:\/\/infovera.com.ar\/web\/wp-content\/uploads\/2025\/07\/cian-1-630x420.png 630w\" sizes=\"auto, (max-width: 870px) 100vw, 870px\" \/><\/a><\/p>\n<p><strong>Ca\u00f1ada Omb\u00fa, Los Amores y Fort\u00edn Olmos<\/strong><\/p>\n<p>En el centro de salud de Ca\u00f1ada Omb\u00fa, junto al presidente comunal Franco\u00a0Huber, se observaron claros avances en las reparaciones con un revestimiento para dar soluci\u00f3n a la humedad en las paredes de la sala de espera y distintos espacios, con mejoras tambi\u00e9n en la conexi\u00f3n el\u00e9ctrica.<\/p>\n<p><strong>En Los Amores, el presidente comunal Omar Walker acompa\u00f1\u00f3 la visita por el hist\u00f3rico edificio del Hospital,<\/strong> donde se realizar\u00e1 una remodelaci\u00f3n integral de los ba\u00f1os de las salas de internaci\u00f3n, para dotarlas de agua fr\u00eda y caliente, un servicio con el que no contaban hasta ahora. En esa localidad, a la que se asign\u00f3 un minib\u00fas 0 km para el traslado de pacientes ambulatorios, comenzar\u00e1 una estrategia para facilitar a las mujeres de la Cu\u00f1a Boscosa el acceso a turnos programados para controles de salud integral.<\/p>\n<p><strong>En Fort\u00edn Olmos, la ministra confirm\u00f3 al presidente comunal Rodrigo Acevedo y al equipo del Hospital, la transferencia de los recursos para iniciar pr\u00f3ximamente las mejoras en el office de enfermer\u00eda y en el consultorio m\u00e9dico, un espacio muy utilizado por el personal.<\/strong> &#8220;Estamos contentos porque ya est\u00e1n los recursos y eso nos va a cambiar el espacio. Adem\u00e1s recibimos esta noticia de la ministra Ciancio. Es hist\u00f3rico que una ministra de Salud haya llegado hasta ac\u00e1 y nos escuche con la empat\u00eda que tiene y se comprometa a acompa\u00f1arnos&#8221;, remarc\u00f3 el director, Sergio Garc\u00eda.<\/p>\n","protected":false},"excerpt":{"rendered":"<p>La ministra visit\u00f3 centros de atenci\u00f3n primaria y hospitales de seis localidades. La agenda incluy\u00f3 reuniones con equipos locales, el seguimiento de mejoras que se realizan con fondos provinciales y el fortalecimiento de la red de emergencias. Con una agenda de trabajo en Garabato, Intiyaco, Golondrina, Ca\u00f1ada Omb\u00fa, Los Amores y Fort\u00edn Olmos, la ministra [&hellip;]<\/p>\n","protected":false},"author":3,"featured_media":64993,"comment_status":"closed","ping_status":"closed","sticky":false,"template":"","format":"standard","meta":{"_joinchat":[],"footnotes":""},"categories":[37,53],"tags":[],"class_list":{"0":"post-64992","1":"post","2":"type-post","3":"status-publish","4":"format-standard","5":"has-post-thumbnail","7":"category-salud","8":"category-vera"},"_links":{"self":[{"href":"https:\/\/infovera.com.ar\/web\/wp-json\/wp\/v2\/posts\/64992","targetHints":{"allow":["GET"]}}],"collection":[{"href":"https:\/\/infovera.com.ar\/web\/wp-json\/wp\/v2\/posts"}],"about":[{"href":"https:\/\/infovera.com.ar\/web\/wp-json\/wp\/v2\/types\/post"}],"author":[{"embeddable":true,"href":"https:\/\/infovera.com.ar\/web\/wp-json\/wp\/v2\/users\/3"}],"replies":[{"embeddable":true,"href":"https:\/\/infovera.com.ar\/web\/wp-json\/wp\/v2\/comments?post=64992"}],"version-history":[{"count":0,"href":"https:\/\/infovera.com.ar\/web\/wp-json\/wp\/v2\/posts\/64992\/revisions"}],"wp:featuredmedia":[{"embeddable":true,"href":"https:\/\/infovera.com.ar\/web\/wp-json\/wp\/v2\/media\/64993"}],"wp:attachment":[{"href":"https:\/\/infovera.com.ar\/web\/wp-json\/wp\/v2\/media?parent=64992"}],"wp:term":[{"taxonomy":"category","embeddable":true,"href":"https:\/\/infovera.com.ar\/web\/wp-json\/wp\/v2\/categories?post=64992"},{"taxonomy":"post_tag","embeddable":true,"href":"https:\/\/infovera.com.ar\/web\/wp-json\/wp\/v2\/tags?post=64992"}],"curies":[{"name":"wp","href":"https:\/\/api.w.org\/{rel}","templated":true}]}}