{"id":64987,"date":"2025-07-30T11:00:09","date_gmt":"2025-07-30T14:00:09","guid":{"rendered":"https:\/\/infovera.com.ar\/web\/?p=64987"},"modified":"2025-07-31T08:38:31","modified_gmt":"2025-07-31T11:38:31","slug":"un-policia-de-vera-junto-a-sus-pares-auxilio-a-un-bebe-intoxicado-como-monoxido-de-carbono","status":"publish","type":"post","link":"https:\/\/infovera.com.ar\/web\/2025\/07\/30\/un-policia-de-vera-junto-a-sus-pares-auxilio-a-un-bebe-intoxicado-como-monoxido-de-carbono\/","title":{"rendered":"Un polic\u00eda de Vera, junto a sus pares, auxili\u00f3 a un beb\u00e9 intoxicado con mon\u00f3xido de carbono"},"content":{"rendered":"<div class=\"x14z9mp xat24cr x1lziwak x1vvkbs xtlvy1s x126k92a\">\n<div dir=\"auto\"><strong>Durante la madrugada de hoy, efectivos de la Unidad Operativa II (Base Rosario) de la Direcci\u00f3n General de Polic\u00eda de Acci\u00f3n T\u00e1ctica asistieron a un beb\u00e9 que se encontraba en estado cr\u00edtico tras inhalar mon\u00f3xido de carbono en su vivienda ubicada en 20 de Julio y Ecuador de Villa Gobernador G\u00e1lvez.<\/strong><\/div>\n<div dir=\"auto\"><\/div>\n<div dir=\"auto\">Mientras realizaban tareas de patrullaje preventivo, los suboficiales de Polic\u00eda Walter Medina (oriundo de Vera) y Facundo Figueroa, junto al Oficial de Polic\u00eda Edgar Dalino, fueron comisionados por la Central de Emergencias 911 ante una emergencia m\u00e9dica en la zona.<\/div>\n<div dir=\"auto\"><\/div>\n<div dir=\"auto\">En el lugar entrevistaron a una joven de 21 a\u00f1os, madre del menor, quien relat\u00f3 que se encontraba amamantando a su hijo cerca de un bracero y que el beb\u00e9 comenz\u00f3 a presentar un tono morado y dificultad respiratoria. Ante la urgencia, el personal policial aplic\u00f3 maniobras de primeros auxilios y logr\u00f3 reanimarlo.<\/div>\n<div dir=\"auto\"><\/div>\n<div dir=\"auto\">En coordinaci\u00f3n con el 911, los agentes trasladaron al menor y a su madre al Hospital Anselmo Gamen, donde la doctora pediatra diagnostic\u00f3 una intoxicaci\u00f3n leve por mon\u00f3xido de carbono e inform\u00f3 que el peque\u00f1o se encontraba fuera de peligro.<\/div>\n<div dir=\"auto\"><\/div>\n<div dir=\"auto\">Finalmente, el personal realiz\u00f3 las actuaciones correspondientes, labr\u00f3 el acta de procedimiento en la Comisar\u00eda 29na y se confeccion\u00f3 el acta de entrevista en el lugar del hecho.<\/div>\n<\/div>\n","protected":false},"excerpt":{"rendered":"<p>Durante la madrugada de hoy, efectivos de la Unidad Operativa II (Base Rosario) de la Direcci\u00f3n General de Polic\u00eda de Acci\u00f3n T\u00e1ctica asistieron a un beb\u00e9 que se encontraba en estado cr\u00edtico tras inhalar mon\u00f3xido de carbono en su vivienda ubicada en 20 de Julio y Ecuador de Villa Gobernador G\u00e1lvez. Mientras realizaban tareas de [&hellip;]<\/p>\n","protected":false},"author":3,"featured_media":64990,"comment_status":"closed","ping_status":"closed","sticky":false,"template":"","format":"standard","meta":{"_joinchat":[],"footnotes":""},"categories":[60],"tags":[],"class_list":{"0":"post-64987","1":"post","2":"type-post","3":"status-publish","4":"format-standard","5":"has-post-thumbnail","7":"category-provinciales"},"_links":{"self":[{"href":"https:\/\/infovera.com.ar\/web\/wp-json\/wp\/v2\/posts\/64987","targetHints":{"allow":["GET"]}}],"collection":[{"href":"https:\/\/infovera.com.ar\/web\/wp-json\/wp\/v2\/posts"}],"about":[{"href":"https:\/\/infovera.com.ar\/web\/wp-json\/wp\/v2\/types\/post"}],"author":[{"embeddable":true,"href":"https:\/\/infovera.com.ar\/web\/wp-json\/wp\/v2\/users\/3"}],"replies":[{"embeddable":true,"href":"https:\/\/infovera.com.ar\/web\/wp-json\/wp\/v2\/comments?post=64987"}],"version-history":[{"count":0,"href":"https:\/\/infovera.com.ar\/web\/wp-json\/wp\/v2\/posts\/64987\/revisions"}],"wp:featuredmedia":[{"embeddable":true,"href":"https:\/\/infovera.com.ar\/web\/wp-json\/wp\/v2\/media\/64990"}],"wp:attachment":[{"href":"https:\/\/infovera.com.ar\/web\/wp-json\/wp\/v2\/media?parent=64987"}],"wp:term":[{"taxonomy":"category","embeddable":true,"href":"https:\/\/infovera.com.ar\/web\/wp-json\/wp\/v2\/categories?post=64987"},{"taxonomy":"post_tag","embeddable":true,"href":"https:\/\/infovera.com.ar\/web\/wp-json\/wp\/v2\/tags?post=64987"}],"curies":[{"name":"wp","href":"https:\/\/api.w.org\/{rel}","templated":true}]}}