{"id":64984,"date":"2025-07-30T10:42:11","date_gmt":"2025-07-30T13:42:11","guid":{"rendered":"https:\/\/infovera.com.ar\/web\/?p=64984"},"modified":"2025-10-21T16:05:40","modified_gmt":"2025-10-21T19:05:40","slug":"provincia-entrego-equipamiento-para-mejorar-el-tratamiento-de-residuos-y-fortalecer-la-economia-circular","status":"publish","type":"post","link":"https:\/\/infovera.com.ar\/web\/2025\/07\/30\/provincia-entrego-equipamiento-para-mejorar-el-tratamiento-de-residuos-y-fortalecer-la-economia-circular\/","title":{"rendered":"Provincia entreg\u00f3 equipamiento para mejorar el tratamiento de residuos y fortalecer la econom\u00eda circular"},"content":{"rendered":"<p><strong>El ministro Enrique Est\u00e9vez encabez\u00f3 la entrega de campanas de reciclaje y composteras a 14 localidades y a la UNL. Apuntan a reducir el volumen de residuos sin tratar, promover la separaci\u00f3n en origen y consolidar un sistema con enfoque ambiental y social.<\/strong><\/p>\n<p>La Provincia de Santa Fe avanza con una estrategia de gesti\u00f3n integral de residuos s\u00f3lidos urbanos basada en criterios de econom\u00eda circular, inclusi\u00f3n y eficiencia. En ese marco, el ministro de Ambiente y Cambio Clim\u00e1tico, Enrique Est\u00e9vez, encabez\u00f3 la entrega de equipamiento a 14 municipios y comunas santafesinas, as\u00ed como a la Universidad Nacional del Litoral (UNL). Se trata de campanas de reciclaje y composteras comunitarias que permitir\u00e1n separar, recuperar y valorizar materiales que actualmente se descartan sin tratamiento.<\/p>\n<p>\u201cLos residuos tienen un valor. Tenemos que dejar atr\u00e1s la l\u00f3gica de comprar, consumir y tirar. La econom\u00eda circular propone reutilizar, refuncionalizar y reconvertir materiales que antes se consideraban basura\u201d, explic\u00f3 el ministro durante el acto realizado en la sede del Ministerio. Acompa\u00f1ado por la diputada Jimena Senn; el rector de la UNL, Enrique Mammarella; autoridades de cada una de las localidades; el secretario de Ambiente, Gustavo Leone; y el equipo t\u00e9cnico del Ministerio de Ambiente y Cambio Clim\u00e1tico., Est\u00e9vez sostuvo que estas herramientas permiten comenzar a revertir un modelo de descarte insostenible.<\/p>\n<p><strong>El 75 % se puede reciclar<\/strong><\/p>\n<p>De acuerdo con sus palabras, aproximadamente el 75 % de los residuos domiciliarios puede ser reciclado, reducido o compostado. \u201cImaginemos que nuestros rellenos sanitarios pudieran ser un 75\u202f% m\u00e1s chicos de lo que son. Ese es el impacto posible\u201d, afirm\u00f3.<\/p>\n<p>Actualmente, el 37\u202f% de las localidades santafesinas realiza separaci\u00f3n de residuos reciclables. El objetivo de la gesti\u00f3n es duplicar esa cobertura, consolidando sistemas m\u00e1s eficientes y sustentables. En ese camino, la entrega de equipamiento representa un paso clave para sustituir pr\u00e1cticas de disposici\u00f3n final sin clasificaci\u00f3n \u2014como los basurales a cielo abierto\u2014 por esquemas de tratamiento m\u00e1s responsables.<\/p>\n<p>Las localidades beneficiadas en esta etapa son San Vicente, San Antonio y Presidente Roca (Castellanos); Gr\u00fctly (Las Colonias); San Jorge (San Mart\u00edn); Monte Vera y Rinc\u00f3n (La Capital); Carreras y Melincu\u00e9 (General L\u00f3pez); Juan B. Molina, Sargento Cabral y Ca\u00f1ada Rica (Constituci\u00f3n); <strong>Margarita (Vera);<\/strong> y Logro\u00f1o (9 de Julio).<\/p>\n<p>Desde el Ministerio explicaron que la pol\u00edtica p\u00fablica en residuos contempla la regionalizaci\u00f3n del servicio a trav\u00e9s de los consorcios Girsu (Gesti\u00f3n Integral de Residuos S\u00f3lidos Urbanos). En este sentido, se firmaron convenios con ocho regiones y se invirtieron m\u00e1s de 2.500 millones de pesos en infraestructura, equipamiento y fortalecimiento institucional de los gobiernos locales.<\/p>\n<p><strong>Reducir basurales a cielo abierto<\/strong><\/p>\n<p>\u201cEl desaf\u00edo es reducir significativamente los m\u00e1s de 400 basurales a cielo abierto que hay en la provincia\u201d, indic\u00f3 Est\u00e9vez, y agreg\u00f3 que la reactivaci\u00f3n de los consorcios Girsu \u201ces clave para avanzar en ese objetivo con criterios de equidad territorial y eficiencia en el uso de los recursos p\u00fablicos\u201d.<\/p>\n<p>Seg\u00fan datos oficiales, en los \u00faltimos 18 meses m\u00e1s de 250.000 personas comenzaron a disponer sus residuos en rellenos sanitarios habilitados, alcanzando as\u00ed un 70\u202f% de cobertura poblacional con disposici\u00f3n final segura, frente al 62\u202f% registrado al inicio de la actual gesti\u00f3n.<\/p>\n<p>El enfoque del Gobierno Provincial tambi\u00e9n incluye acciones complementarias. En coordinaci\u00f3n con la asociaci\u00f3n civil Campo Limpio, se recuperaron m\u00e1s de 400.000 kilos de envases vac\u00edos de fitosanitarios, que fueron recolectados, clasificados y derivados a centros habilitados para su tratamiento. En paralelo, ya se inauguraron tres nuevos centros de almacenamiento transitorio y est\u00e1 prevista la apertura de dos m\u00e1s durante 2025.<\/p>\n<p>A estas acciones se suman iniciativas de educaci\u00f3n y concientizaci\u00f3n. En el \u00faltimo semestre se distribuyeron materiales pedag\u00f3gicos para distintos niveles escolares y se desarrollaron m\u00e1s de 100 talleres de sensibilizaci\u00f3n sobre compostaje, separaci\u00f3n en origen y gesti\u00f3n responsable de los residuos. Estas instancias buscan fortalecer las condiciones t\u00e9cnicas, sociales y culturales necesarias para una transici\u00f3n ambiental efectiva.<\/p>\n<p>\u201cEste es un proceso que no se impone desde arriba: requiere del compromiso de cada ciudadano\u201d, subray\u00f3 Est\u00e9vez, y concluy\u00f3 que \u201cla presencia del Estado es fundamental, pero solo con participaci\u00f3n colectiva vamos a lograr una provincia m\u00e1s limpia, m\u00e1s equitativa y m\u00e1s sustentable\u201d.<\/p>\n","protected":false},"excerpt":{"rendered":"<p>El ministro Enrique Est\u00e9vez encabez\u00f3 la entrega de campanas de reciclaje y composteras a 14 localidades y a la UNL. Apuntan a reducir el volumen de residuos sin tratar, promover la separaci\u00f3n en origen y consolidar un sistema con enfoque ambiental y social. La Provincia de Santa Fe avanza con una estrategia de gesti\u00f3n integral [&hellip;]<\/p>\n","protected":false},"author":3,"featured_media":64985,"comment_status":"closed","ping_status":"closed","sticky":false,"template":"","format":"standard","meta":{"_joinchat":[],"footnotes":""},"categories":[66,60],"tags":[],"class_list":{"0":"post-64984","1":"post","2":"type-post","3":"status-publish","4":"format-standard","5":"has-post-thumbnail","7":"category-politica","8":"category-provinciales"},"_links":{"self":[{"href":"https:\/\/infovera.com.ar\/web\/wp-json\/wp\/v2\/posts\/64984","targetHints":{"allow":["GET"]}}],"collection":[{"href":"https:\/\/infovera.com.ar\/web\/wp-json\/wp\/v2\/posts"}],"about":[{"href":"https:\/\/infovera.com.ar\/web\/wp-json\/wp\/v2\/types\/post"}],"author":[{"embeddable":true,"href":"https:\/\/infovera.com.ar\/web\/wp-json\/wp\/v2\/users\/3"}],"replies":[{"embeddable":true,"href":"https:\/\/infovera.com.ar\/web\/wp-json\/wp\/v2\/comments?post=64984"}],"version-history":[{"count":0,"href":"https:\/\/infovera.com.ar\/web\/wp-json\/wp\/v2\/posts\/64984\/revisions"}],"wp:featuredmedia":[{"embeddable":true,"href":"https:\/\/infovera.com.ar\/web\/wp-json\/wp\/v2\/media\/64985"}],"wp:attachment":[{"href":"https:\/\/infovera.com.ar\/web\/wp-json\/wp\/v2\/media?parent=64984"}],"wp:term":[{"taxonomy":"category","embeddable":true,"href":"https:\/\/infovera.com.ar\/web\/wp-json\/wp\/v2\/categories?post=64984"},{"taxonomy":"post_tag","embeddable":true,"href":"https:\/\/infovera.com.ar\/web\/wp-json\/wp\/v2\/tags?post=64984"}],"curies":[{"name":"wp","href":"https:\/\/api.w.org\/{rel}","templated":true}]}}