{"id":64962,"date":"2025-07-29T19:47:11","date_gmt":"2025-07-29T22:47:11","guid":{"rendered":"https:\/\/infovera.com.ar\/web\/?p=64962"},"modified":"2025-07-30T11:01:29","modified_gmt":"2025-07-30T14:01:29","slug":"accidente-fatal-en-gobernador-crespo-2","status":"publish","type":"post","link":"https:\/\/infovera.com.ar\/web\/2025\/07\/29\/accidente-fatal-en-gobernador-crespo-2\/","title":{"rendered":"Accidente fatal en la Ruta 11: un motociclista perdi\u00f3 la vida tras chocar con un cami\u00f3n"},"content":{"rendered":"<p><strong>En la ma\u00f1ana del martes, personal de Comisar\u00eda Tercera de la localidad de Gobernador Crespo, toma conocimiento de siniestro vial sobre Ruta Nacional N\u00ba11, a la altura de la f\u00e1brica de Tregar. <\/strong><\/p>\n<p>En el lugar y por causas a establecer, colisionaron un cami\u00f3n marca Mercedes Benz, con acoplado, conducido por un hombre de 51 a\u00f1os, con domicilio en Jun\u00edn de la provincia de Mendoza, acompa\u00f1ado por otro de 48 a\u00f1os, con una motocicleta marca Gilera 110 cc que era conducida por un joven de 21 a\u00f1os, con domicilio en la localidad de Gobernador Crespo.<\/p>\n<p>Como consecuencia del mismo, perdi\u00f3 la vida el conductor de la motocicleta y los restantes involucrados resultaron con lesiones leves, certificado por el m\u00e9dico policial en turno.<\/p>\n<p>Se convoc\u00f3 a personal de PDI San Justo.<\/p>\n<p>El tr\u00e1nsito fue desviado por caminos alternativos por dos horas aproximadamente luego se<br \/>\nrestableci\u00f3 con normalidad.<\/p>\n","protected":false},"excerpt":{"rendered":"<p>En la ma\u00f1ana del martes, personal de Comisar\u00eda Tercera de la localidad de Gobernador Crespo, toma conocimiento de siniestro vial sobre Ruta Nacional N\u00ba11, a la altura de la f\u00e1brica de Tregar. En el lugar y por causas a establecer, colisionaron un cami\u00f3n marca Mercedes Benz, con acoplado, conducido por un hombre de 51 a\u00f1os, [&hellip;]<\/p>\n","protected":false},"author":3,"featured_media":64963,"comment_status":"closed","ping_status":"closed","sticky":false,"template":"","format":"standard","meta":{"_joinchat":[],"footnotes":""},"categories":[30,61],"tags":[],"class_list":{"0":"post-64962","1":"post","2":"type-post","3":"status-publish","4":"format-standard","5":"has-post-thumbnail","7":"category-policiales","8":"category-regionales"},"_links":{"self":[{"href":"https:\/\/infovera.com.ar\/web\/wp-json\/wp\/v2\/posts\/64962","targetHints":{"allow":["GET"]}}],"collection":[{"href":"https:\/\/infovera.com.ar\/web\/wp-json\/wp\/v2\/posts"}],"about":[{"href":"https:\/\/infovera.com.ar\/web\/wp-json\/wp\/v2\/types\/post"}],"author":[{"embeddable":true,"href":"https:\/\/infovera.com.ar\/web\/wp-json\/wp\/v2\/users\/3"}],"replies":[{"embeddable":true,"href":"https:\/\/infovera.com.ar\/web\/wp-json\/wp\/v2\/comments?post=64962"}],"version-history":[{"count":0,"href":"https:\/\/infovera.com.ar\/web\/wp-json\/wp\/v2\/posts\/64962\/revisions"}],"wp:featuredmedia":[{"embeddable":true,"href":"https:\/\/infovera.com.ar\/web\/wp-json\/wp\/v2\/media\/64963"}],"wp:attachment":[{"href":"https:\/\/infovera.com.ar\/web\/wp-json\/wp\/v2\/media?parent=64962"}],"wp:term":[{"taxonomy":"category","embeddable":true,"href":"https:\/\/infovera.com.ar\/web\/wp-json\/wp\/v2\/categories?post=64962"},{"taxonomy":"post_tag","embeddable":true,"href":"https:\/\/infovera.com.ar\/web\/wp-json\/wp\/v2\/tags?post=64962"}],"curies":[{"name":"wp","href":"https:\/\/api.w.org\/{rel}","templated":true}]}}