{"id":64922,"date":"2025-07-29T09:09:29","date_gmt":"2025-07-29T12:09:29","guid":{"rendered":"https:\/\/infovera.com.ar\/web\/?p=64922"},"modified":"2025-07-29T09:09:29","modified_gmt":"2025-07-29T12:09:29","slug":"estan-a-la-venta-las-entradas-para-la-pena-folklorica-de-la-89o-expo-rural","status":"publish","type":"post","link":"https:\/\/infovera.com.ar\/web\/2025\/07\/29\/estan-a-la-venta-las-entradas-para-la-pena-folklorica-de-la-89o-expo-rural\/","title":{"rendered":"Est\u00e1n a la venta las entradas para la Pe\u00f1a Folkl\u00f3rica de la 89\u00ba Expo Rural"},"content":{"rendered":"<p><strong><u>89\u00b0 Expo Rural de la Sociedad Rural de Reconquista &#8211; Actividades del Ateneo.<\/u><\/strong><\/p>\n<p><strong><u>Pe\u00f1a Folcl\u00f3rica<\/u><\/strong> \u2013 Viernes 8 de agosto, a partir de las 21:00 hs.<\/p>\n<p>Sal\u00f3n multiespacio de la Sociedad Rural<\/p>\n<p>Actuar\u00e1n:<\/p>\n<ul>\n<li>Cantorales (grupo local)<\/li>\n<li>Grupo TAWA (Tucum\u00e1n)<\/li>\n<li>La Huella Chaque\u00f1a (Chaco)<\/li>\n<li>DJ Maxi Furrer<\/li>\n<\/ul>\n<p>Habr\u00e1 servicio de cantina, venta de empanadas, chorip\u00e1n, hamburguesas, men\u00fa sin TACC y vegetariano.<\/p>\n<p>Entradas a la venta. Valor: $ 15.000. Puntos de venta:<\/p>\n<p>Avellaneda:<\/p>\n<ul>\n<li>Kiosco La Fla-K (Calle 10 N\u00ba343)<\/li>\n<\/ul>\n<p>Reconquista:<\/p>\n<ul>\n<li>El Arca de No\u00e9 (Patricio Diez esq. Olessio)<\/li>\n<li>Triple M (San Mart\u00edn N\u00ba783)<\/li>\n<li>Cristian Zorat Autos (Irigoyen N\u00ba101)<\/li>\n<\/ul>\n<p><strong><u>Charla Central de la Expo<\/u><\/strong> \u2013 Economista Salvador Di Stefano: \u201c<em>El Plan Milei 2025<\/em>\u201d<\/p>\n<p>S\u00e1bado 9 de agosto, 15:30 hs \u2013 Sal\u00f3n Multiespacio de la Sociedad Rural<\/p>\n<p>Una vez que se ingresa al predio de la Expo, ya se puede acceder a la charla, sin costo adicional.<\/p>\n<p>&nbsp;<\/p>\n<p><strong><u>Competici\u00f3n de Destrezas Criollas<\/u><\/strong> \u2013 Prueba de riendas<\/p>\n<p>Domingo 10 de agosto, 10:00 y 17:00 hs.<\/p>\n<p>Relata Rat\u00f3n Encina, y acompa\u00f1a el payador Corcho D\u00edaz.<\/p>\n<p>Inscripciones abiertas hasta el 07\/08 o hasta agotar cupo: quienes quieran competir deben escribir al n\u00famero 3482-648010 para inscribirse.<\/p>\n<p>Valor de la inscripci\u00f3n: $ 10.000<\/p>\n<p>Se exigir\u00e1 libreta sanitaria y control de alcoholemia negativo.<\/p>\n","protected":false},"excerpt":{"rendered":"<p>89\u00b0 Expo Rural de la Sociedad Rural de Reconquista &#8211; Actividades del Ateneo. Pe\u00f1a Folcl\u00f3rica \u2013 Viernes 8 de agosto, a partir de las 21:00 hs. Sal\u00f3n multiespacio de la Sociedad Rural Actuar\u00e1n: Cantorales (grupo local) Grupo TAWA (Tucum\u00e1n) La Huella Chaque\u00f1a (Chaco) DJ Maxi Furrer Habr\u00e1 servicio de cantina, venta de empanadas, chorip\u00e1n, hamburguesas, [&hellip;]<\/p>\n","protected":false},"author":3,"featured_media":64923,"comment_status":"closed","ping_status":"closed","sticky":false,"template":"","format":"standard","meta":{"_joinchat":[],"footnotes":""},"categories":[55,61],"tags":[],"class_list":{"0":"post-64922","1":"post","2":"type-post","3":"status-publish","4":"format-standard","5":"has-post-thumbnail","7":"category-reconquista","8":"category-regionales"},"_links":{"self":[{"href":"https:\/\/infovera.com.ar\/web\/wp-json\/wp\/v2\/posts\/64922","targetHints":{"allow":["GET"]}}],"collection":[{"href":"https:\/\/infovera.com.ar\/web\/wp-json\/wp\/v2\/posts"}],"about":[{"href":"https:\/\/infovera.com.ar\/web\/wp-json\/wp\/v2\/types\/post"}],"author":[{"embeddable":true,"href":"https:\/\/infovera.com.ar\/web\/wp-json\/wp\/v2\/users\/3"}],"replies":[{"embeddable":true,"href":"https:\/\/infovera.com.ar\/web\/wp-json\/wp\/v2\/comments?post=64922"}],"version-history":[{"count":0,"href":"https:\/\/infovera.com.ar\/web\/wp-json\/wp\/v2\/posts\/64922\/revisions"}],"wp:featuredmedia":[{"embeddable":true,"href":"https:\/\/infovera.com.ar\/web\/wp-json\/wp\/v2\/media\/64923"}],"wp:attachment":[{"href":"https:\/\/infovera.com.ar\/web\/wp-json\/wp\/v2\/media?parent=64922"}],"wp:term":[{"taxonomy":"category","embeddable":true,"href":"https:\/\/infovera.com.ar\/web\/wp-json\/wp\/v2\/categories?post=64922"},{"taxonomy":"post_tag","embeddable":true,"href":"https:\/\/infovera.com.ar\/web\/wp-json\/wp\/v2\/tags?post=64922"}],"curies":[{"name":"wp","href":"https:\/\/api.w.org\/{rel}","templated":true}]}}