{"id":64919,"date":"2025-07-29T06:08:38","date_gmt":"2025-07-29T09:08:38","guid":{"rendered":"https:\/\/infovera.com.ar\/web\/?p=64919"},"modified":"2025-07-29T14:59:58","modified_gmt":"2025-07-29T17:59:58","slug":"la-ministra-de-salud-silvia-ciancio-y-el-diputado-sergio-chiqui-rojas-recorren-el-departamento-vera","status":"publish","type":"post","link":"https:\/\/infovera.com.ar\/web\/2025\/07\/29\/la-ministra-de-salud-silvia-ciancio-y-el-diputado-sergio-chiqui-rojas-recorren-el-departamento-vera\/","title":{"rendered":"La ministra de Salud Silvia Ciancio y el diputado Sergio \u201cChiqui\u201d Rojas recorren el departamento Vera"},"content":{"rendered":"<p><strong>Entre hoy y ma\u00f1ana, la ministra de Salud de la provincia, Silvia Ciancio, y el diputado Nortefesino Sergio \u201cChiqui\u201d Rojas,<\/strong> recorrer\u00e1n una amplia agenda sanitaria en el departamento Vera, acompa\u00f1ados por la referente del Nodo Salud Reconquista, Luciana Ramoa, y su equipo t\u00e9cnico.<\/p>\n<p>La comitiva visitar\u00e1 distintos efectores de salud en las localidades de Garabato, Intiyaco, Golondrina, Ca\u00f1ada Omb\u00fa, Los Amores, Fort\u00edn Olmos, Vera y La Gallareta, con el objetivo de fortalecer el v\u00ednculo con los equipos de salud, evaluar el funcionamiento de los servicios y relevar necesidades.<\/p>\n","protected":false},"excerpt":{"rendered":"<p>Entre hoy y ma\u00f1ana, la ministra de Salud de la provincia, Silvia Ciancio, y el diputado Nortefesino Sergio \u201cChiqui\u201d Rojas, recorrer\u00e1n una amplia agenda sanitaria en el departamento Vera, acompa\u00f1ados por la referente del Nodo Salud Reconquista, Luciana Ramoa, y su equipo t\u00e9cnico. La comitiva visitar\u00e1 distintos efectores de salud en las localidades de Garabato, [&hellip;]<\/p>\n","protected":false},"author":3,"featured_media":64920,"comment_status":"closed","ping_status":"closed","sticky":false,"template":"","format":"standard","meta":{"_joinchat":[],"footnotes":""},"categories":[37,53],"tags":[],"class_list":{"0":"post-64919","1":"post","2":"type-post","3":"status-publish","4":"format-standard","5":"has-post-thumbnail","7":"category-salud","8":"category-vera"},"_links":{"self":[{"href":"https:\/\/infovera.com.ar\/web\/wp-json\/wp\/v2\/posts\/64919","targetHints":{"allow":["GET"]}}],"collection":[{"href":"https:\/\/infovera.com.ar\/web\/wp-json\/wp\/v2\/posts"}],"about":[{"href":"https:\/\/infovera.com.ar\/web\/wp-json\/wp\/v2\/types\/post"}],"author":[{"embeddable":true,"href":"https:\/\/infovera.com.ar\/web\/wp-json\/wp\/v2\/users\/3"}],"replies":[{"embeddable":true,"href":"https:\/\/infovera.com.ar\/web\/wp-json\/wp\/v2\/comments?post=64919"}],"version-history":[{"count":0,"href":"https:\/\/infovera.com.ar\/web\/wp-json\/wp\/v2\/posts\/64919\/revisions"}],"wp:featuredmedia":[{"embeddable":true,"href":"https:\/\/infovera.com.ar\/web\/wp-json\/wp\/v2\/media\/64920"}],"wp:attachment":[{"href":"https:\/\/infovera.com.ar\/web\/wp-json\/wp\/v2\/media?parent=64919"}],"wp:term":[{"taxonomy":"category","embeddable":true,"href":"https:\/\/infovera.com.ar\/web\/wp-json\/wp\/v2\/categories?post=64919"},{"taxonomy":"post_tag","embeddable":true,"href":"https:\/\/infovera.com.ar\/web\/wp-json\/wp\/v2\/tags?post=64919"}],"curies":[{"name":"wp","href":"https:\/\/api.w.org\/{rel}","templated":true}]}}