{"id":64916,"date":"2025-07-29T07:09:39","date_gmt":"2025-07-29T10:09:39","guid":{"rendered":"https:\/\/infovera.com.ar\/web\/?p=64916"},"modified":"2025-07-29T07:09:39","modified_gmt":"2025-07-29T10:09:39","slug":"bruno-encina-de-alejandra-se-gano-un-lugar-en-el-seleccionado-de-box-argentino","status":"publish","type":"post","link":"https:\/\/infovera.com.ar\/web\/2025\/07\/29\/bruno-encina-de-alejandra-se-gano-un-lugar-en-el-seleccionado-de-box-argentino\/","title":{"rendered":"Bruno Encina, de Alejandra, se gan\u00f3 un lugar en el Seleccionado de Box Argentino"},"content":{"rendered":"<div class=\"xdj266r x14z9mp xat24cr x1lziwak x1vvkbs x126k92a\">\n<div dir=\"auto\">Con apenas 19 a\u00f1os, Bruno Encina sigue escribiendo su propia historia arriba del ring. Oriundo de Alejandra (Santa Fe), este joven boxeador se ha convertido en un verdadero orgullo local, logrando lo que muchos sue\u00f1an: ser convocado al Seleccionado Nacional de Boxeo Amateur.<\/div>\n<\/div>\n<div class=\"x14z9mp xat24cr x1lziwak x1vvkbs xtlvy1s x126k92a\">\n<div dir=\"auto\"><\/div>\n<div dir=\"auto\">Su carrera ya muestra una impactante trayectoria:<\/div>\n<div dir=\"auto\"><\/div>\n<div dir=\"auto\">3 cinturones obtenidos en diferentes torneos<\/div>\n<div dir=\"auto\"><\/div>\n<div dir=\"auto\">6 medallas que reflejan su constancia, talento y disciplina<\/div>\n<\/div>\n<div class=\"x14z9mp xat24cr x1lziwak x1vvkbs xtlvy1s x126k92a\">\n<div dir=\"auto\"><\/div>\n<div dir=\"auto\">Con este nuevo paso, Bruno se posiciona como una de las promesas m\u00e1s firmes del boxeo argentino, y su inclusi\u00f3n en el seleccionado nacional lo proyecta hacia nuevos desaf\u00edos a nivel internacional.<\/div>\n<\/div>\n<div class=\"x14z9mp xat24cr x1lziwak x1vvkbs xtlvy1s x126k92a\">\n<div dir=\"auto\"><\/div>\n<\/div>\n","protected":false},"excerpt":{"rendered":"<p>Con apenas 19 a\u00f1os, Bruno Encina sigue escribiendo su propia historia arriba del ring. Oriundo de Alejandra (Santa Fe), este joven boxeador se ha convertido en un verdadero orgullo local, logrando lo que muchos sue\u00f1an: ser convocado al Seleccionado Nacional de Boxeo Amateur. Su carrera ya muestra una impactante trayectoria: 3 cinturones obtenidos en diferentes [&hellip;]<\/p>\n","protected":false},"author":3,"featured_media":64917,"comment_status":"closed","ping_status":"closed","sticky":false,"template":"","format":"standard","meta":{"_joinchat":[],"footnotes":""},"categories":[33,31],"tags":[],"class_list":{"0":"post-64916","1":"post","2":"type-post","3":"status-publish","4":"format-standard","5":"has-post-thumbnail","7":"category-boxeo","8":"category-deportes"},"_links":{"self":[{"href":"https:\/\/infovera.com.ar\/web\/wp-json\/wp\/v2\/posts\/64916","targetHints":{"allow":["GET"]}}],"collection":[{"href":"https:\/\/infovera.com.ar\/web\/wp-json\/wp\/v2\/posts"}],"about":[{"href":"https:\/\/infovera.com.ar\/web\/wp-json\/wp\/v2\/types\/post"}],"author":[{"embeddable":true,"href":"https:\/\/infovera.com.ar\/web\/wp-json\/wp\/v2\/users\/3"}],"replies":[{"embeddable":true,"href":"https:\/\/infovera.com.ar\/web\/wp-json\/wp\/v2\/comments?post=64916"}],"version-history":[{"count":0,"href":"https:\/\/infovera.com.ar\/web\/wp-json\/wp\/v2\/posts\/64916\/revisions"}],"wp:featuredmedia":[{"embeddable":true,"href":"https:\/\/infovera.com.ar\/web\/wp-json\/wp\/v2\/media\/64917"}],"wp:attachment":[{"href":"https:\/\/infovera.com.ar\/web\/wp-json\/wp\/v2\/media?parent=64916"}],"wp:term":[{"taxonomy":"category","embeddable":true,"href":"https:\/\/infovera.com.ar\/web\/wp-json\/wp\/v2\/categories?post=64916"},{"taxonomy":"post_tag","embeddable":true,"href":"https:\/\/infovera.com.ar\/web\/wp-json\/wp\/v2\/tags?post=64916"}],"curies":[{"name":"wp","href":"https:\/\/api.w.org\/{rel}","templated":true}]}}