{"id":64913,"date":"2025-07-29T06:25:38","date_gmt":"2025-07-29T09:25:38","guid":{"rendered":"https:\/\/infovera.com.ar\/web\/?p=64913"},"modified":"2025-07-29T19:10:26","modified_gmt":"2025-07-29T22:10:26","slug":"provincia-dispuso-72-horas-de-duelo-por-el-fallecimiento-de-alejandra-locomotora-oliveras","status":"publish","type":"post","link":"https:\/\/infovera.com.ar\/web\/2025\/07\/29\/provincia-dispuso-72-horas-de-duelo-por-el-fallecimiento-de-alejandra-locomotora-oliveras\/","title":{"rendered":"Provincia dispuso 72 horas de duelo por el fallecimiento de Alejandra \u201cLocomotora\u201d Oliveras"},"content":{"rendered":"<p>Fue a trav\u00e9s de un decreto firmado por el gobernador Maximiliano Pullaro. El texto destaca las seis coronas mundiales que obtuvo como boxeadora, su activismo social y que fue electa Convencional Reformadora.<\/p>\n<p>El Gobierno de la Provincia de Santa Fe declar\u00f3 72 horas de duelo por el fallecimiento de la Convencional Reformadora Constituyente Electa, Alejandra Marina \u201cLocomotora\u201d Oliveras, en todo el territorio santafesino.<\/p>\n<p>En ese sentido, el decreto firmado por el gobernador Maximiliano Pullaro dispuso que la Bandera Nacional y de la Provincia de Santa Fe, permanezcan a media asta en todos los edificios p\u00fablicos provinciales durante el per\u00edodo de duelo.<\/p>\n<p>El texto destaca que Alejandra \u201cLocomotora\u201d Oliveras fue boxeadora profesional y obtuvo seis coronas mundiales, como as\u00ed tambi\u00e9n que durante toda su carrera visit\u00f3 muchas ciudades para dar charlas motivacionales a los m\u00e1s j\u00f3venes sobre el deporte, boxeo y consejos de vida. Se\u00f1ala tambi\u00e9n que en su trayectoria colabor\u00f3 solidariamente con comedores y grupos sociales, y que en 2021 se lanz\u00f3 a la pol\u00edtica con el partido de Unite Santa Fe.<\/p>\n","protected":false},"excerpt":{"rendered":"<p>Fue a trav\u00e9s de un decreto firmado por el gobernador Maximiliano Pullaro. El texto destaca las seis coronas mundiales que obtuvo como boxeadora, su activismo social y que fue electa Convencional Reformadora. El Gobierno de la Provincia de Santa Fe declar\u00f3 72 horas de duelo por el fallecimiento de la Convencional Reformadora Constituyente Electa, Alejandra [&hellip;]<\/p>\n","protected":false},"author":3,"featured_media":64914,"comment_status":"closed","ping_status":"closed","sticky":false,"template":"","format":"standard","meta":{"_joinchat":[],"footnotes":""},"categories":[42,60,36],"tags":[],"class_list":{"0":"post-64913","1":"post","2":"type-post","3":"status-publish","4":"format-standard","5":"has-post-thumbnail","7":"category-necrologicas","8":"category-provinciales","9":"category-sociedad"},"_links":{"self":[{"href":"https:\/\/infovera.com.ar\/web\/wp-json\/wp\/v2\/posts\/64913","targetHints":{"allow":["GET"]}}],"collection":[{"href":"https:\/\/infovera.com.ar\/web\/wp-json\/wp\/v2\/posts"}],"about":[{"href":"https:\/\/infovera.com.ar\/web\/wp-json\/wp\/v2\/types\/post"}],"author":[{"embeddable":true,"href":"https:\/\/infovera.com.ar\/web\/wp-json\/wp\/v2\/users\/3"}],"replies":[{"embeddable":true,"href":"https:\/\/infovera.com.ar\/web\/wp-json\/wp\/v2\/comments?post=64913"}],"version-history":[{"count":0,"href":"https:\/\/infovera.com.ar\/web\/wp-json\/wp\/v2\/posts\/64913\/revisions"}],"wp:featuredmedia":[{"embeddable":true,"href":"https:\/\/infovera.com.ar\/web\/wp-json\/wp\/v2\/media\/64914"}],"wp:attachment":[{"href":"https:\/\/infovera.com.ar\/web\/wp-json\/wp\/v2\/media?parent=64913"}],"wp:term":[{"taxonomy":"category","embeddable":true,"href":"https:\/\/infovera.com.ar\/web\/wp-json\/wp\/v2\/categories?post=64913"},{"taxonomy":"post_tag","embeddable":true,"href":"https:\/\/infovera.com.ar\/web\/wp-json\/wp\/v2\/tags?post=64913"}],"curies":[{"name":"wp","href":"https:\/\/api.w.org\/{rel}","templated":true}]}}