{"id":64910,"date":"2025-07-28T21:21:21","date_gmt":"2025-07-29T00:21:21","guid":{"rendered":"https:\/\/infovera.com.ar\/web\/?p=64910"},"modified":"2025-07-28T21:21:21","modified_gmt":"2025-07-29T00:21:21","slug":"convencion-reformadora-pesar-por-el-fallecimiento-de-alejandra-oliveras","status":"publish","type":"post","link":"https:\/\/infovera.com.ar\/web\/2025\/07\/28\/convencion-reformadora-pesar-por-el-fallecimiento-de-alejandra-oliveras\/","title":{"rendered":"Convenci\u00f3n Reformadora: pesar por el fallecimiento de Alejandra Oliveras"},"content":{"rendered":"<p>La Convenci\u00f3n Reformadora de la Constituci\u00f3n de Santa Fe lamenta el fallecimiento de Alejandra Oliveras, convencional constituyente electa por el Frente de la Esperanza.<\/p>\n<p>\u201cEn nombre de presidencia del cuerpo, los representantes de los bloques y cada uno de los convencionales, enviamos nuestro pesar a familiares, amigos y allegados\u201d, se expres\u00f3.<\/p>\n<p>Asimismo, se informa que este martes se suspenden todas las actividades vinculadas a la Convenci\u00f3n Reformadora, en adhesi\u00f3n al Decreto Provincial que estableci\u00f3 el duelo por la muerte de Alejandra Oliveras; mientras que las actividades del pr\u00f3ximo mi\u00e9rcoles y jueves iniciar\u00e1n con un minuto de silencio en su memoria, y todas las comunicaciones oficiales llevar\u00e1n un cresp\u00f3n negro en se\u00f1al de duelo.<\/p>\n","protected":false},"excerpt":{"rendered":"<p>La Convenci\u00f3n Reformadora de la Constituci\u00f3n de Santa Fe lamenta el fallecimiento de Alejandra Oliveras, convencional constituyente electa por el Frente de la Esperanza. \u201cEn nombre de presidencia del cuerpo, los representantes de los bloques y cada uno de los convencionales, enviamos nuestro pesar a familiares, amigos y allegados\u201d, se expres\u00f3. Asimismo, se informa que [&hellip;]<\/p>\n","protected":false},"author":3,"featured_media":64911,"comment_status":"closed","ping_status":"closed","sticky":false,"template":"","format":"standard","meta":{"_joinchat":[],"footnotes":""},"categories":[76],"tags":[],"class_list":{"0":"post-64910","1":"post","2":"type-post","3":"status-publish","4":"format-standard","5":"has-post-thumbnail","7":"category-convencion-constituyente"},"_links":{"self":[{"href":"https:\/\/infovera.com.ar\/web\/wp-json\/wp\/v2\/posts\/64910","targetHints":{"allow":["GET"]}}],"collection":[{"href":"https:\/\/infovera.com.ar\/web\/wp-json\/wp\/v2\/posts"}],"about":[{"href":"https:\/\/infovera.com.ar\/web\/wp-json\/wp\/v2\/types\/post"}],"author":[{"embeddable":true,"href":"https:\/\/infovera.com.ar\/web\/wp-json\/wp\/v2\/users\/3"}],"replies":[{"embeddable":true,"href":"https:\/\/infovera.com.ar\/web\/wp-json\/wp\/v2\/comments?post=64910"}],"version-history":[{"count":0,"href":"https:\/\/infovera.com.ar\/web\/wp-json\/wp\/v2\/posts\/64910\/revisions"}],"wp:featuredmedia":[{"embeddable":true,"href":"https:\/\/infovera.com.ar\/web\/wp-json\/wp\/v2\/media\/64911"}],"wp:attachment":[{"href":"https:\/\/infovera.com.ar\/web\/wp-json\/wp\/v2\/media?parent=64910"}],"wp:term":[{"taxonomy":"category","embeddable":true,"href":"https:\/\/infovera.com.ar\/web\/wp-json\/wp\/v2\/categories?post=64910"},{"taxonomy":"post_tag","embeddable":true,"href":"https:\/\/infovera.com.ar\/web\/wp-json\/wp\/v2\/tags?post=64910"}],"curies":[{"name":"wp","href":"https:\/\/api.w.org\/{rel}","templated":true}]}}