{"id":64902,"date":"2025-07-28T14:49:48","date_gmt":"2025-07-28T17:49:48","guid":{"rendered":"https:\/\/infovera.com.ar\/web\/?p=64902"},"modified":"2025-07-29T14:21:24","modified_gmt":"2025-07-29T17:21:24","slug":"algodonera-santa-fe-advierte-que-esta-al-borde-de-la-paralizacion-total-de-actividades","status":"publish","type":"post","link":"https:\/\/infovera.com.ar\/web\/2025\/07\/28\/algodonera-santa-fe-advierte-que-esta-al-borde-de-la-paralizacion-total-de-actividades\/","title":{"rendered":"Algodonera Santa Fe advierte que est\u00e1 al borde de la paralizaci\u00f3n total de actividades"},"content":{"rendered":"<p><strong>Peligran puestos de trabajo en la planta ubicada en Reconquista. El ingreso de productos chinos afecta las ventas. Otras plantas de la regi\u00f3n tambi\u00e9n afrontan dificultades.<\/strong><\/p>\n<p>La Cooperativa de Trabajo Algodonera Santa Fe Ltda., ubicada en el Parque Industrial de Reconquista, expres\u00f3 su profunda preocupaci\u00f3n ante la cr\u00edtica situaci\u00f3n que atraviesa el sector textil, producto de la ca\u00edda del consumo y la competencia desleal derivada de las importaciones de productos chinos.<\/p>\n<p>En un comunicado dirigido a autoridades municipales, provinciales, legisladores y a la comunidad en general, la entidad advirti\u00f3 que la baja en las ventas ha generado incumplimientos en los pagos y una reducci\u00f3n de horas laborales, afectando directamente a los trabajadores. \u201cLamentablemente, la Cooperativa est\u00e1 corriendo el riesgo del paro total de la planta\u201d, alertaron.<\/p>\n<p>Algodonera Santa Fe atribuy\u00f3 la situaci\u00f3n cr\u00edtica que afecta a la industria textil norte\u00f1a y al rubro en todo el pa\u00eds a \u201cla pol\u00edtica de importaci\u00f3n de China y la fuerte ca\u00edda del consumo\u201d.<\/p>\n<p>De acuerdo a la nota presentada, se considera que desde enero hasta la fecha se registra una p\u00e9rdida de 10.000 puestos de trabajo en el pa\u00eds. \u201cA nosotros como instituci\u00f3n, nos afecta de igual manera; 46 compa\u00f1eros (de un total de 70 trabajadores) se encuentran sin su puesto de trabajo y la estabilidad econ\u00f3mica, lamentablemente\u201d, esbozaron, en tanto alertaron que \u201cla Cooperativa est\u00e1 corriendo el riesgo del paro total de la planta, manera que afecta a todos los que se encuentran vinculados en nuestra econom\u00eda\u201d.<\/p>\n<p><strong>En la cuerda floja<\/strong><\/p>\n<p>Francisco Hilguero, presidente de la Cooperativa, sostuvo en di\u00e1logo con este medio &#8220;esta es una situaci\u00f3n que no s\u00f3lo nos perjudica a nosotros como empresa recuperada, sino a toda la cadena productiva local. Pedimos comprensi\u00f3n, porque somos 46 compa\u00f1eros que hoy estamos en la cuerda floja\u201d.<\/p>\n<p>Seg\u00fan detall\u00f3, en el caso de la planta local, si la situaci\u00f3n no mejora, temen tener que suspender la producci\u00f3n por completo.<\/p>\n<p>\u201cJuntos podemos hacer la diferencia, pero necesitamos que nuestras voces sean escuchadas&#8221;, inst\u00f3, en defensa de las fuentes de trabajo genuinas que podr\u00edan desaparecer si no se frena esta tendencia.<\/p>\n<p>Hilguero contextualiz\u00f3 que la crisis se debe espec\u00edficamente al ingreso de productos chinos al mercado argentino: &#8220;Materia prima hay, est\u00e1n en plena cosecha. Ac\u00e1 hay una sola cosa que nos afecta, y es a nivel pa\u00eds: la entrada de importaciones de productos chinos. M\u00e1s espec\u00edficamente en nuestro rubro, el textil. Todos los d\u00edas cierra una empresa textil en Buenos Aires.<\/p>\n<p><strong>Industria regional<\/strong><\/p>\n<p>En el plano regional, dijo que depresi\u00f3n en las ventas afecta tambi\u00e9n a otras industrias: \u201c Ac\u00e1, por ejemplo, Algodonera Avellaneda est\u00e1 trabajando s\u00f3lo de lunes a viernes; otra empresa que est\u00e1 sobre la Ruta 40 S tambi\u00e9n present\u00f3 problemas, no venden. Es el consumo y la entrada de productos importados baratos. Entonces cae la industria nacional, as\u00ed de f\u00e1cil\u201d.<\/p>\n<p>En su an\u00e1lisis del cuadro situacional, Hilguero indic\u00f3 que \u201cnosotros somos los primeros en caer, los m\u00e1s d\u00e9biles del sector. Caemos porque no podemos pagar los costos, no podemos cumplir con los compromisos, porque no se vende. Materia prima hay, ganas de trabajar hay, conocimiento para hacer los productos tambi\u00e9n, pero no hay ventas. Y al no haber ventas, no se pueden pagar los costos fijos que uno tiene\u201d.<\/p>\n","protected":false},"excerpt":{"rendered":"<p>Peligran puestos de trabajo en la planta ubicada en Reconquista. El ingreso de productos chinos afecta las ventas. Otras plantas de la regi\u00f3n tambi\u00e9n afrontan dificultades. La Cooperativa de Trabajo Algodonera Santa Fe Ltda., ubicada en el Parque Industrial de Reconquista, expres\u00f3 su profunda preocupaci\u00f3n ante la cr\u00edtica situaci\u00f3n que atraviesa el sector textil, producto [&hellip;]<\/p>\n","protected":false},"author":3,"featured_media":64903,"comment_status":"closed","ping_status":"closed","sticky":false,"template":"","format":"standard","meta":{"_joinchat":[],"footnotes":""},"categories":[61],"tags":[],"class_list":{"0":"post-64902","1":"post","2":"type-post","3":"status-publish","4":"format-standard","5":"has-post-thumbnail","7":"category-regionales"},"_links":{"self":[{"href":"https:\/\/infovera.com.ar\/web\/wp-json\/wp\/v2\/posts\/64902","targetHints":{"allow":["GET"]}}],"collection":[{"href":"https:\/\/infovera.com.ar\/web\/wp-json\/wp\/v2\/posts"}],"about":[{"href":"https:\/\/infovera.com.ar\/web\/wp-json\/wp\/v2\/types\/post"}],"author":[{"embeddable":true,"href":"https:\/\/infovera.com.ar\/web\/wp-json\/wp\/v2\/users\/3"}],"replies":[{"embeddable":true,"href":"https:\/\/infovera.com.ar\/web\/wp-json\/wp\/v2\/comments?post=64902"}],"version-history":[{"count":0,"href":"https:\/\/infovera.com.ar\/web\/wp-json\/wp\/v2\/posts\/64902\/revisions"}],"wp:featuredmedia":[{"embeddable":true,"href":"https:\/\/infovera.com.ar\/web\/wp-json\/wp\/v2\/media\/64903"}],"wp:attachment":[{"href":"https:\/\/infovera.com.ar\/web\/wp-json\/wp\/v2\/media?parent=64902"}],"wp:term":[{"taxonomy":"category","embeddable":true,"href":"https:\/\/infovera.com.ar\/web\/wp-json\/wp\/v2\/categories?post=64902"},{"taxonomy":"post_tag","embeddable":true,"href":"https:\/\/infovera.com.ar\/web\/wp-json\/wp\/v2\/tags?post=64902"}],"curies":[{"name":"wp","href":"https:\/\/api.w.org\/{rel}","templated":true}]}}