{"id":64894,"date":"2025-07-28T09:00:59","date_gmt":"2025-07-28T12:00:59","guid":{"rendered":"https:\/\/infovera.com.ar\/web\/?p=64894"},"modified":"2025-07-29T08:13:15","modified_gmt":"2025-07-29T11:13:15","slug":"semana-clave-para-vera-en-la-convencion","status":"publish","type":"post","link":"https:\/\/infovera.com.ar\/web\/2025\/07\/28\/semana-clave-para-vera-en-la-convencion\/","title":{"rendered":"Semana clave para Vera en la Convenci\u00f3n"},"content":{"rendered":"<p><strong>Para este mi\u00e9rcoles 30 de julio est\u00e1 prevista la presentaci\u00f3n en comisiones de los proyectos elaborados por el equipo de asesores del senador convencional Osvaldo Sosa.<\/strong><\/p>\n<p>Las iniciativas fueron elaboradas con el aporte de la gente en el marco de la participaci\u00f3n ciudadana, espacio creado por el senador para que los vecinos del departamento vera presentaran sus proyectos para ser incorporados en la constituci\u00f3n.<\/p>\n<p>Las inquietudes fueron consideradas y formalizadas a trav\u00e9s de un equipo interdisciplinario conformado por profesionales, dirigentes institucionales y referentes sociales.<\/p>\n<p>Liderados por el senador Osvaldo Sosa, durante todo este tiempo el grupo trabaj\u00f3 arduamente para poder llevar la voz del norte al recinto del debate con un contenido minuciosamente elaborado que ser\u00e1 expuesto y defendido por los propios redactores del trabajo.<\/p>\n<p>Sosa reconoci\u00f3 y destac\u00f3 \u201cla tarea de cada uno de los participantes que, con total responsabilidad y dedicaci\u00f3n, contribuyeron a enriquecer su tarea como convencional\u201d.<br \/>\nLa tem\u00e1tica abordada contiene iniciativas para las comisiones de Educaci\u00f3n, Ambiente, Seguridad Social, Discapacidad, Autonom\u00eda Municipal, Pueblos Originarios y Derechos digitales.<\/p>\n<p>La expectativa est\u00e1 centrada en el desempe\u00f1o de la delegaci\u00f3n que tendr\u00e1 a su cargo la exposici\u00f3n y defensa de cada postura con la energ\u00eda suficiente como para lograr incluir el trabajo en el texto final de la Constituci\u00f3n.<\/p>\n<p>El equipo ha sido convocado para participar de la Primera Audiencia P\u00fablica que se realizar\u00e1 el mi\u00e9rcoles 30 de julio de 2025, a las 16, en el recinto de la C\u00e1mara de Senadores.<br \/>\nSeg\u00fan se dispuso a cada expositor se le asignar\u00e1 un espacio de 5 a 8 minutos para presentar sus argumentos.<\/p>\n<p>A tal efecto, los fundamentos de los proyectos surgidos en el departamento Vera ser\u00e1n detallados por los voceros espec\u00edficos para cada \u00e1rea, entre los que se cuentan Miguel Milessi, Rub\u00e9n Senn, Anal\u00eda Martinez, Ver\u00f3nica Cator\u00ed, Mar\u00eda Laura L\u00f3pez, Eldo M\u00e1rquez y Facundo L\u00f3pez.<\/p>\n<p>Luego de esta instancia, se aguarda que el plenario considere y apruebe las propuestas surgidas en el seno del debate regional enriquecido por el protagonismo de gente comprometida con su propia realidad, en un trabajo responsable con visi\u00f3n de futuro.<\/p>\n<p>Letyana Press<\/p>\n","protected":false},"excerpt":{"rendered":"<p>Para este mi\u00e9rcoles 30 de julio est\u00e1 prevista la presentaci\u00f3n en comisiones de los proyectos elaborados por el equipo de asesores del senador convencional Osvaldo Sosa. Las iniciativas fueron elaboradas con el aporte de la gente en el marco de la participaci\u00f3n ciudadana, espacio creado por el senador para que los vecinos del departamento vera [&hellip;]<\/p>\n","protected":false},"author":3,"featured_media":64895,"comment_status":"closed","ping_status":"closed","sticky":false,"template":"","format":"standard","meta":{"_joinchat":[],"footnotes":""},"categories":[76,60],"tags":[],"class_list":{"0":"post-64894","1":"post","2":"type-post","3":"status-publish","4":"format-standard","5":"has-post-thumbnail","7":"category-convencion-constituyente","8":"category-provinciales"},"_links":{"self":[{"href":"https:\/\/infovera.com.ar\/web\/wp-json\/wp\/v2\/posts\/64894","targetHints":{"allow":["GET"]}}],"collection":[{"href":"https:\/\/infovera.com.ar\/web\/wp-json\/wp\/v2\/posts"}],"about":[{"href":"https:\/\/infovera.com.ar\/web\/wp-json\/wp\/v2\/types\/post"}],"author":[{"embeddable":true,"href":"https:\/\/infovera.com.ar\/web\/wp-json\/wp\/v2\/users\/3"}],"replies":[{"embeddable":true,"href":"https:\/\/infovera.com.ar\/web\/wp-json\/wp\/v2\/comments?post=64894"}],"version-history":[{"count":0,"href":"https:\/\/infovera.com.ar\/web\/wp-json\/wp\/v2\/posts\/64894\/revisions"}],"wp:featuredmedia":[{"embeddable":true,"href":"https:\/\/infovera.com.ar\/web\/wp-json\/wp\/v2\/media\/64895"}],"wp:attachment":[{"href":"https:\/\/infovera.com.ar\/web\/wp-json\/wp\/v2\/media?parent=64894"}],"wp:term":[{"taxonomy":"category","embeddable":true,"href":"https:\/\/infovera.com.ar\/web\/wp-json\/wp\/v2\/categories?post=64894"},{"taxonomy":"post_tag","embeddable":true,"href":"https:\/\/infovera.com.ar\/web\/wp-json\/wp\/v2\/tags?post=64894"}],"curies":[{"name":"wp","href":"https:\/\/api.w.org\/{rel}","templated":true}]}}