{"id":64835,"date":"2025-07-25T18:40:12","date_gmt":"2025-07-25T21:40:12","guid":{"rendered":"https:\/\/infovera.com.ar\/web\/?p=64835"},"modified":"2025-07-27T14:42:10","modified_gmt":"2025-07-27T17:42:10","slug":"una-ambulancia-quedo-empantanada-en-una-calle-de-vera-en-vez-de-adelantar-vamos-para-atras","status":"publish","type":"post","link":"https:\/\/infovera.com.ar\/web\/2025\/07\/25\/una-ambulancia-quedo-empantanada-en-una-calle-de-vera-en-vez-de-adelantar-vamos-para-atras\/","title":{"rendered":"Una ambulancia qued\u00f3 empantanada en una calle de Vera: &#8220;En vez de adelantar vamos para atr\u00e1s&#8221;"},"content":{"rendered":"<p><strong>En la jornada de este viernes, una unidad sanitaria del 107 no pudo superar el desaf\u00edo de circular por las calles de calzada natural y qued\u00f3 empantanada.<\/strong><\/p>\n<p>El incidente se produjo sobre calle 25 de Mayo -barrio San Cayetano, a dos cuadras de la Capilla-, y a pesar del esfuerzo del personal que iba en la ambulancia para desatascarla, no fue posible moverla del lugar lleno de barro. Hizo falta que una camioneta la remolcara hasta una lugar m\u00e1s firme.<\/p>\n<div class=\"youtube-embed\" data-video_id=\"\"><iframe loading=\"lazy\" title=\"Una ambulancia qued\u00f3 empantanada en una calle de Vera\" width=\"563\" height=\"1000\" src=\"https:\/\/www.youtube.com\/embed\/xcaZZ2ulaSA?feature=oembed&#038;enablejsapi=1\" frameborder=\"0\" allow=\"accelerometer; autoplay; clipboard-write; encrypted-media; gyroscope; picture-in-picture; web-share\" referrerpolicy=\"strict-origin-when-cross-origin\" allowfullscreen><\/iframe><\/div>\n<p>Una vecina dej\u00f3 registrado el mal momento con un video: &#8220;Hab\u00eda ripio, pero estaban con la obra de cloacas y dejaron un desastre. En 9 de Julio y Urquiza pasa lo mismo, es un desastre&#8221;, se quej\u00f3.<\/p>\n<p><strong>&#8220;Yo no entiendo, en vez de adelantar en nuestra ciudad vamos para atr\u00e1s, es un desastre las calles. Tenemos q andar por la vereda porque no hay m\u00e1s ripio y olv\u00eddate el cord\u00f3n cuneta&#8221;, describi\u00f3, con malestar.<\/strong><\/p>\n<p>En la ciudad cayeron 11 mm el mi\u00e9rcoles y 02 mm el jueves.<\/p>\n","protected":false},"excerpt":{"rendered":"<p>En la jornada de este viernes, una unidad sanitaria del 107 no pudo superar el desaf\u00edo de circular por las calles de calzada natural y qued\u00f3 empantanada. El incidente se produjo sobre calle 25 de Mayo -barrio San Cayetano, a dos cuadras de la Capilla-, y a pesar del esfuerzo del personal que iba en [&hellip;]<\/p>\n","protected":false},"author":3,"featured_media":64838,"comment_status":"closed","ping_status":"closed","sticky":false,"template":"","format":"standard","meta":{"_joinchat":[],"footnotes":""},"categories":[53],"tags":[],"class_list":{"0":"post-64835","1":"post","2":"type-post","3":"status-publish","4":"format-standard","5":"has-post-thumbnail","7":"category-vera"},"_links":{"self":[{"href":"https:\/\/infovera.com.ar\/web\/wp-json\/wp\/v2\/posts\/64835","targetHints":{"allow":["GET"]}}],"collection":[{"href":"https:\/\/infovera.com.ar\/web\/wp-json\/wp\/v2\/posts"}],"about":[{"href":"https:\/\/infovera.com.ar\/web\/wp-json\/wp\/v2\/types\/post"}],"author":[{"embeddable":true,"href":"https:\/\/infovera.com.ar\/web\/wp-json\/wp\/v2\/users\/3"}],"replies":[{"embeddable":true,"href":"https:\/\/infovera.com.ar\/web\/wp-json\/wp\/v2\/comments?post=64835"}],"version-history":[{"count":0,"href":"https:\/\/infovera.com.ar\/web\/wp-json\/wp\/v2\/posts\/64835\/revisions"}],"wp:featuredmedia":[{"embeddable":true,"href":"https:\/\/infovera.com.ar\/web\/wp-json\/wp\/v2\/media\/64838"}],"wp:attachment":[{"href":"https:\/\/infovera.com.ar\/web\/wp-json\/wp\/v2\/media?parent=64835"}],"wp:term":[{"taxonomy":"category","embeddable":true,"href":"https:\/\/infovera.com.ar\/web\/wp-json\/wp\/v2\/categories?post=64835"},{"taxonomy":"post_tag","embeddable":true,"href":"https:\/\/infovera.com.ar\/web\/wp-json\/wp\/v2\/tags?post=64835"}],"curies":[{"name":"wp","href":"https:\/\/api.w.org\/{rel}","templated":true}]}}